{"id":149633,"date":"2025-06-14T10:27:49","date_gmt":"2025-06-14T13:27:49","guid":{"rendered":"https:\/\/vinasfm.com\/noticias\/?p=149633"},"modified":"2025-06-17T09:01:34","modified_gmt":"2025-06-17T12:01:34","slug":"aprehendieron-a-un-hombre-por-conducir-en-estado-de-ebriedad","status":"publish","type":"post","link":"https:\/\/vinasfm.com\/noticias\/aprehendieron-a-un-hombre-por-conducir-en-estado-de-ebriedad\/","title":{"rendered":"APREHENDIERON A UN HOMBRE POR CONDUCIR EN ESTADO DE EBRIEDAD"},"content":{"rendered":"<h4 data-sourcepos=\"5:1-5:277\"><strong><span style=\"color: #003300;\">Un hombre de 40 a\u00f1os, identificado por sus iniciales N.F.B.V., fue detenido en la madrugada de hoy por conducir bajo los efectos del alcohol. El incidente ocurri\u00f3 a las 03:15 horas en la intersecci\u00f3n de Libertador Sur y San Juan.<\/span><\/strong><\/h4>\n<p data-sourcepos=\"7:1-7:333\">La detenci\u00f3n se produjo durante un control vehicular rutinario realizado por personal de <strong>Polic\u00eda Vial.<\/strong> Al inspeccionar un Volkswagen Polo 1.9, los agentes solicitaron al conductor someterse a un test de alcoholemia, el cual arroj\u00f3 un resultado de <strong>2.07 gramos de alcohol por litro de sangre<\/strong>, superando ampliamente el l\u00edmite legal.<\/p>\n<p data-sourcepos=\"9:1-9:281\">Tras la confirmaci\u00f3n de la infracci\u00f3n, N.F.B.V. <strong>fue trasladado a la Comisar\u00eda 14\u00b0 para ser notificado por la infracci\u00f3n al art\u00edculo 67 bis de la Ley 9099, que establece las sanciones para la conducci\u00f3n en estado de ebriedad.<\/strong> Adem\u00e1s, el veh\u00edculo fue secuestrado por las autoridades.<\/p>\n<p data-sourcepos=\"11:1-11:161\">Este suceso resalta la importancia de los controles de tr\u00e1nsito para garantizar la seguridad vial y prevenir accidentes causados por la conducci\u00f3n irresponsable.<\/p>\n","protected":false},"excerpt":{"rendered":"<p>Un hombre de 40 a\u00f1os, identificado por sus iniciales N.F.B.V., fue detenido en la madrugada de hoy por conducir bajo los &#8230;<\/p>\n","protected":false},"author":7,"featured_media":149635,"comment_status":"open","ping_status":"open","sticky":false,"template":"","format":"standard","meta":{"footnotes":""},"categories":[4,56],"tags":[],"class_list":["post-149633","post","type-post","status-publish","format-standard","has-post-thumbnail","hentry","category-policiales","category-seguridad-vial"],"_links":{"self":[{"href":"https:\/\/vinasfm.com\/noticias\/wp-json\/wp\/v2\/posts\/149633","targetHints":{"allow":["GET"]}}],"collection":[{"href":"https:\/\/vinasfm.com\/noticias\/wp-json\/wp\/v2\/posts"}],"about":[{"href":"https:\/\/vinasfm.com\/noticias\/wp-json\/wp\/v2\/types\/post"}],"author":[{"embeddable":true,"href":"https:\/\/vinasfm.com\/noticias\/wp-json\/wp\/v2\/users\/7"}],"replies":[{"embeddable":true,"href":"https:\/\/vinasfm.com\/noticias\/wp-json\/wp\/v2\/comments?post=149633"}],"version-history":[{"count":2,"href":"https:\/\/vinasfm.com\/noticias\/wp-json\/wp\/v2\/posts\/149633\/revisions"}],"predecessor-version":[{"id":149636,"href":"https:\/\/vinasfm.com\/noticias\/wp-json\/wp\/v2\/posts\/149633\/revisions\/149636"}],"wp:featuredmedia":[{"embeddable":true,"href":"https:\/\/vinasfm.com\/noticias\/wp-json\/wp\/v2\/media\/149635"}],"wp:attachment":[{"href":"https:\/\/vinasfm.com\/noticias\/wp-json\/wp\/v2\/media?parent=149633"}],"wp:term":[{"taxonomy":"category","embeddable":true,"href":"https:\/\/vinasfm.com\/noticias\/wp-json\/wp\/v2\/categories?post=149633"},{"taxonomy":"post_tag","embeddable":true,"href":"https:\/\/vinasfm.com\/noticias\/wp-json\/wp\/v2\/tags?post=149633"}],"curies":[{"name":"wp","href":"https:\/\/api.w.org\/{rel}","templated":true}]}}