{"id":149608,"date":"2025-06-13T11:29:40","date_gmt":"2025-06-13T14:29:40","guid":{"rendered":"https:\/\/vinasfm.com\/noticias\/?p=149608"},"modified":"2025-06-17T09:10:39","modified_gmt":"2025-06-17T12:10:39","slug":"comenzo-en-general-alvear-el-plan-conectar-productores-ganaderos-recibieron-antenas-starlink-para-conectividad-rural","status":"publish","type":"post","link":"https:\/\/vinasfm.com\/noticias\/comenzo-en-general-alvear-el-plan-conectar-productores-ganaderos-recibieron-antenas-starlink-para-conectividad-rural\/","title":{"rendered":"COMENZ\u00d3 EN GENERAL ALVEAR EL PLAN CONECTAR: PRODUCTORES GANADEROS RECIBIERON ANTENAS STARLINK PARA CONECTIVIDAD RURAL"},"content":{"rendered":"<h4 data-start=\"123\" data-end=\"644\"><span style=\"color: #003300;\"><strong>Este viernes se llev\u00f3 a cabo en el SUM de la C\u00e1mara de Comercio, Ganader\u00eda e Industria de General Alvear el acto de entrega de las primeras antenas satelitales Starlink, destinadas a mejorar la conectividad en zonas rurales de la provincia. <\/strong><\/span><\/h4>\n<p data-start=\"123\" data-end=\"644\">La iniciativa, impulsada por la <strong>Fundaci\u00f3n Coprosamen<\/strong> a trav\u00e9s del Plan<em> \u00abLa fundaci\u00f3n conecta\u00bb<\/em>, busca dotar a los productores ganaderos de <strong>acceso a internet de alta velocidad, incluso en los lugares m\u00e1s alejados y sin servicio el\u00e9ctrico.<\/strong><\/p>\n<p data-start=\"646\" data-end=\"814\">La entrega marc\u00f3 el inicio de una campa\u00f1a que beneficiar\u00e1 en una primera etapa a productores bovinos del sur provincial, para luego extenderse a los criadores caprinos.<\/p>\n<p data-start=\"816\" data-end=\"1332\">En di\u00e1logo con <strong><span style=\"color: #800080;\">FM VI\u00d1AS<\/span><\/strong>, el <em>presidente de la C\u00e1mara de Comercio<\/em>, <span style=\"color: #003366;\"><strong>Ramiro Labay<\/strong><\/span>, destac\u00f3 la importancia de esta acci\u00f3n: <strong><em data-start=\"925\" data-end=\"1332\">\u00abEs un orgullo estar haciendo entrega de las primeras antenas, junto con la Fundaci\u00f3n, la Direcci\u00f3n de Ganader\u00eda, el Cl\u00faster y la C\u00e1mara. Esto ayudar\u00e1 a que los productores puedan trabajar mejor, que sus hijos estudien y que haya m\u00e1s arraigo en el campo, algo tan necesario. Este sistema de Starlink permite conectividad incluso en lugares sin electricidad, gracias a sistemas solares adaptables\u00bb.<\/em><\/strong><\/p>\n<div style=\"width: 517px\" class=\"wp-caption aligncenter\"><img loading=\"lazy\" decoding=\"async\" src=\"https:\/\/www.clusterganaderobovino.net\/wp-content\/uploads\/2025\/05\/WhatsApp-Image-2025-05-07-at-11.41.09.jpeg\" alt=\"\" width=\"517\" height=\"366\" \/><p class=\"wp-caption-text\">Se busca reducir la brecha digital, mejorar la actividad productiva y el trabajo en los campo.<\/p><\/div>\n<p data-start=\"1334\" data-end=\"1651\">Labay explic\u00f3 tambi\u00e9n que el plan contempla facilidades de pago para los productores organizados:<strong><em data-start=\"1432\" data-end=\"1651\"> \u201cSe puede abonar en hasta 20 cuotas si est\u00e1n asociados a una c\u00e1mara o instituci\u00f3n, y en 15 cuotas para los no asociados. El servicio llega a cualquier punto de los campos y tambi\u00e9n puede trasladarse sin perder se\u00f1al\u201d.<\/em><\/strong><\/p>\n<p data-start=\"1653\" data-end=\"2240\">Por su parte,<span style=\"color: #003366;\"><strong> Roberto R\u00edos<\/strong><\/span>, <em>director de Ganader\u00eda de la provincia<\/em>, agradeci\u00f3 especialmente a la Fundaci\u00f3n Coprosamen por la compra y financiaci\u00f3n de las antenas, y al Cl\u00faster Ganadero por su implementaci\u00f3n: <strong><em data-start=\"1862\" data-end=\"2240\">\u00abEstamos muy contentos porque los ganaderos tendr\u00e1n conexi\u00f3n inmediata con el mundo. Esto permite no solo facilitar tareas administrativas, como las gu\u00edas electr\u00f3nicas, sino tambi\u00e9n acceder a informaci\u00f3n clave como el clima, precios o noticias. El fondo rotativo permitir\u00e1 comprar m\u00e1s antenas a medida que los productores cumplan con sus cuotas, que son de $10.000 mensuales.\u00bb<\/em><\/strong><\/p>\n<p data-start=\"2242\" data-end=\"2774\">Finalmente, <span style=\"color: #003366;\"><strong>Mariano Amuchastegui<\/strong><\/span>, <em>representante del <a href=\"https:\/\/www.clusterganaderobovino.net\/coprosamen-llega-con-internet-satelital-al-secano-mendocino\/#:~:text=Con%20una%20ambiciosa%20propuesta%20que%20busca%20fomentar,satelital%20a%20productores%20ganaderos%20del%20secano%20mendocino.&amp;text=En%20esta%20primera%20etapa%20ser%C3%A1n%20300%20antenas,de%20financiaci%C3%B3n%20accesible:%2015%20cuotas%20de%20$13.500.\">Cl\u00faster Ganadero<\/a><\/em>, explic\u00f3 que en esta primera etapa se adquirieron 300 antenas Starlink:<strong> \u00abLa fundaci\u00f3n compr\u00f3 un paquete inicial, que se repartir\u00e1 en los distintos departamentos. Empezamos por los bovinos porque es m\u00e1s f\u00e1cil identificarlos por los RENSPA. El equipo cuesta $200.000 y es sencillo de instalar. De hecho, ayer activamos una antena en un campo muy alejado y fue un ni\u00f1o de ocho a\u00f1os quien me ayud\u00f3 a configurarla. Es realmente un salto tecnol\u00f3gico para el campo.\u00bb<\/strong><\/p>\n<p data-start=\"2776\" data-end=\"3052\" data-is-last-node=\"\" data-is-only-node=\"\">El plan avanza as\u00ed en uno de los ejes m\u00e1s demandados por el sector rural: la conectividad. Esta acci\u00f3n se suma a los avances logrados en infraestructura h\u00eddrica y el\u00e9ctrica, y constituye un paso clave para el desarrollo y arraigo en el interior productivo de Mendoza.<\/p>\n","protected":false},"excerpt":{"rendered":"<p>Este viernes se llev\u00f3 a cabo en el SUM de la C\u00e1mara de Comercio, Ganader\u00eda e Industria de General Alvear el &#8230;<\/p>\n","protected":false},"author":7,"featured_media":149609,"comment_status":"open","ping_status":"open","sticky":false,"template":"","format":"standard","meta":{"footnotes":""},"categories":[32,10],"tags":[],"class_list":["post-149608","post","type-post","status-publish","format-standard","has-post-thumbnail","hentry","category-camara-de-comercio","category-destacadas"],"_links":{"self":[{"href":"https:\/\/vinasfm.com\/noticias\/wp-json\/wp\/v2\/posts\/149608","targetHints":{"allow":["GET"]}}],"collection":[{"href":"https:\/\/vinasfm.com\/noticias\/wp-json\/wp\/v2\/posts"}],"about":[{"href":"https:\/\/vinasfm.com\/noticias\/wp-json\/wp\/v2\/types\/post"}],"author":[{"embeddable":true,"href":"https:\/\/vinasfm.com\/noticias\/wp-json\/wp\/v2\/users\/7"}],"replies":[{"embeddable":true,"href":"https:\/\/vinasfm.com\/noticias\/wp-json\/wp\/v2\/comments?post=149608"}],"version-history":[{"count":1,"href":"https:\/\/vinasfm.com\/noticias\/wp-json\/wp\/v2\/posts\/149608\/revisions"}],"predecessor-version":[{"id":149610,"href":"https:\/\/vinasfm.com\/noticias\/wp-json\/wp\/v2\/posts\/149608\/revisions\/149610"}],"wp:featuredmedia":[{"embeddable":true,"href":"https:\/\/vinasfm.com\/noticias\/wp-json\/wp\/v2\/media\/149609"}],"wp:attachment":[{"href":"https:\/\/vinasfm.com\/noticias\/wp-json\/wp\/v2\/media?parent=149608"}],"wp:term":[{"taxonomy":"category","embeddable":true,"href":"https:\/\/vinasfm.com\/noticias\/wp-json\/wp\/v2\/categories?post=149608"},{"taxonomy":"post_tag","embeddable":true,"href":"https:\/\/vinasfm.com\/noticias\/wp-json\/wp\/v2\/tags?post=149608"}],"curies":[{"name":"wp","href":"https:\/\/api.w.org\/{rel}","templated":true}]}}