{"id":149596,"date":"2025-06-13T08:25:59","date_gmt":"2025-06-13T11:25:59","guid":{"rendered":"https:\/\/vinasfm.com\/noticias\/?p=149596"},"modified":"2025-06-13T20:57:34","modified_gmt":"2025-06-13T23:57:34","slug":"la-aclamada-obra-pirandelliana-llega-a-general-alvear-un-homenaje-a-luigi-pirandello","status":"publish","type":"post","link":"https:\/\/vinasfm.com\/noticias\/la-aclamada-obra-pirandelliana-llega-a-general-alvear-un-homenaje-a-luigi-pirandello\/","title":{"rendered":"LA ACLAMADA OBRA \u00abPIRANDELLIANA\u00bb LLEGA A GENERAL ALVEAR: UN HOMENAJE A LUIGI PIRANDELLO"},"content":{"rendered":"<h4 data-sourcepos=\"4:1-4:358\"><span style=\"color: #003300;\"><strong>Alvear se prepara para recibir una propuesta cultural de alto nivel: la obra \u00abPirandelliana\u00bb, un emotivo homenaje al c\u00e9lebre escritor italiano y Premio Nobel de Literatura, Luigi Pirandello. La funci\u00f3n tendr\u00e1 lugar este s\u00e1bado 14 de junio, a las 21:00 horas, en la Biblioteca Popular Sarmiento.<\/strong><\/span><\/h4>\n<p data-sourcepos=\"6:1-6:232\">En di\u00e1logo con <span style=\"color: #800080;\"><strong>FM VI\u00d1AS<\/strong><\/span>, <span style=\"color: #003366;\"><strong>Anna Fresu<\/strong><\/span>,<em> directora de la obra<\/em>, brind\u00f3 detalles sobre esta producci\u00f3n que promete una profunda reflexi\u00f3n sobre la vida y la condici\u00f3n humana, aderezada con el humor caracter\u00edstico del dramaturgo siciliano.<\/p>\n<p data-sourcepos=\"11:1-11:125\">\u00abPirandelliana\u00bb est\u00e1 compuesta por dos actos \u00fanicos de Pirandello: <strong>\u00abEl hombre con la flor en la boca\u00bb<\/strong> y <strong>\u00abEl diploma\u00bb<\/strong>.<\/p>\n<p data-sourcepos=\"13:1-13:654\">En <strong>\u00abEl hombre con la flor en la boca\u00bb<\/strong>, la trama se centra en el <strong>encuentro fortuito de dos hombres en un caf\u00e9 de estaci\u00f3n durante la noche.<\/strong> Uno de ellos, un viajero que perdi\u00f3 su tren, y el otro, un hombre que deambula por la ciudad, aferr\u00e1ndose a cada peque\u00f1a cosa de la vida. Fresu explic\u00f3 que este \u00faltimo personaje tiene una poderosa raz\u00f3n para su actitud:<em><strong> \u00abLa vida misma le est\u00e1 escapando\u00bb<\/strong><\/em>. La obra <strong>se desarrolla a trav\u00e9s de una larga conversaci\u00f3n que aborda la vida, la muerte y las complejidades de la existencia<\/strong>, siempre con el humor pirandelliano que invita a <strong><em>\u00abver lo que se esconde detr\u00e1s de la realidad\u00bb<\/em><\/strong>, generando risa y reflexi\u00f3n a la vez.<\/p>\n<p data-sourcepos=\"15:1-15:359\">La segunda pieza, <strong>\u00abEl diploma\u00bb<\/strong>, transcurre en la oficina de un juez, donde Rosario Qui\u00e1rcaro busca demandar a quienes lo denunciaron como <em><strong>\u00abinjetador\u00bb<\/strong><\/em>, una acusaci\u00f3n que le ha arruinado la vida y le ha impedido mantener a su familia. Este personaje, aunque c\u00f3mico, es tambi\u00e9n profundamente tr\u00e1gico, buscando sacar provecho de la misma fama que lo destruy\u00f3.<\/p>\n<p data-sourcepos=\"17:1-17:178\">Anna Fresu destac\u00f3 que, a pesar de desarrollarse en \u00e9pocas pasadas, ambas obras <em><strong>\u00abnos dicen siempre algo en cualquier momento de nuestra vida, porque tiene que ver con lo humano\u00bb.<\/strong><\/em><a href=\"https:\/\/vinasfm.com\/noticias\/wp-content\/uploads\/2025\/06\/Imagen-de-WhatsApp-2025-06-13-a-las-10.02.10_4872cef8.jpg\"><img loading=\"lazy\" decoding=\"async\" class=\"aligncenter wp-image-149597\" src=\"https:\/\/vinasfm.com\/noticias\/wp-content\/uploads\/2025\/06\/Imagen-de-WhatsApp-2025-06-13-a-las-10.02.10_4872cef8-576x1024.jpg\" alt=\"\" width=\"400\" height=\"711\" srcset=\"https:\/\/vinasfm.com\/noticias\/wp-content\/uploads\/2025\/06\/Imagen-de-WhatsApp-2025-06-13-a-las-10.02.10_4872cef8-576x1024.jpg 576w, https:\/\/vinasfm.com\/noticias\/wp-content\/uploads\/2025\/06\/Imagen-de-WhatsApp-2025-06-13-a-las-10.02.10_4872cef8-169x300.jpg 169w, https:\/\/vinasfm.com\/noticias\/wp-content\/uploads\/2025\/06\/Imagen-de-WhatsApp-2025-06-13-a-las-10.02.10_4872cef8-768x1365.jpg 768w, https:\/\/vinasfm.com\/noticias\/wp-content\/uploads\/2025\/06\/Imagen-de-WhatsApp-2025-06-13-a-las-10.02.10_4872cef8-864x1536.jpg 864w, https:\/\/vinasfm.com\/noticias\/wp-content\/uploads\/2025\/06\/Imagen-de-WhatsApp-2025-06-13-a-las-10.02.10_4872cef8.jpg 900w\" sizes=\"auto, (max-width: 400px) 100vw, 400px\" \/><\/a><\/p>\n<h3 data-sourcepos=\"20:1-20:65\">Un V\u00ednculo Especial con Alvear y la Elecci\u00f3n de la Biblioteca<\/h3>\n<p data-sourcepos=\"22:1-22:387\">La llegada de <em>\u00abPirandelliana\u00bb<\/em> a General Alvear tiene un significado particular, ya que uno de los actores, <strong>Pablo Carbone<\/strong>, es alvearense y mantiene un fuerte v\u00ednculo con la ciudad. El elenco, compuesto por <span style=\"color: #003366;\"><strong>Norberto Gatti, Pablo Carbone y Eugenia Ferrer<\/strong><\/span>, junto a la direcci\u00f3n y adaptaci\u00f3n de Fresu, busca llevar esta obra fuera de la capital para alcanzar un p\u00fablico diferente.<\/p>\n<p data-sourcepos=\"24:1-24:399\">La elecci\u00f3n de la Biblioteca Sarmiento como escenario no es casual. Fresu resalt\u00f3 que es un <strong>\u00ablugar no cl\u00e1sico para el teatro\u00bb<\/strong>, pero ideal para<strong><em> \u00abalcanzar un p\u00fablico distinto\u00bb<\/em> <\/strong>y promover la cultura en un espacio que integra literatura y artes esc\u00e9nicas. La directora enfatiz\u00f3 la importancia de apoyar estos espacios, especialmente <em><strong>\u00aben este momento, en que la cultura, digamos, est\u00e1 un poco en riesgo\u00bb.<\/strong><\/em><\/p>\n<p data-sourcepos=\"26:1-26:252\">La obra cuenta con la traducci\u00f3n y adaptaci\u00f3n de Anna Fresu, quien tambi\u00e9n ha enmarcado los textos originales con un pr\u00f3logo, un intermedio y un ep\u00edlogo para permitir que hablen tanto el autor Luigi Pirandello como los personajes y los propios actores.<\/p>\n<p data-sourcepos=\"28:1-28:295\">La Direcci\u00f3n de Cultura de la Municipalidad de General Alvear y la Comisi\u00f3n de la Biblioteca Sarmiento, reconocida por su joven y activa labor, han colaborado para hacer posible esta presentaci\u00f3n. Se espera una gran concurrencia para disfrutar de una noche de teatro que promete ser inolvidable.<\/p>\n","protected":false},"excerpt":{"rendered":"<p>Alvear se prepara para recibir una propuesta cultural de alto nivel: la obra \u00abPirandelliana\u00bb, un emotivo homenaje al c\u00e9lebre escritor italiano &#8230;<\/p>\n","protected":false},"author":7,"featured_media":149602,"comment_status":"open","ping_status":"open","sticky":false,"template":"","format":"standard","meta":{"footnotes":""},"categories":[5,19],"tags":[],"class_list":["post-149596","post","type-post","status-publish","format-standard","has-post-thumbnail","hentry","category-actualidad","category-cultura"],"_links":{"self":[{"href":"https:\/\/vinasfm.com\/noticias\/wp-json\/wp\/v2\/posts\/149596","targetHints":{"allow":["GET"]}}],"collection":[{"href":"https:\/\/vinasfm.com\/noticias\/wp-json\/wp\/v2\/posts"}],"about":[{"href":"https:\/\/vinasfm.com\/noticias\/wp-json\/wp\/v2\/types\/post"}],"author":[{"embeddable":true,"href":"https:\/\/vinasfm.com\/noticias\/wp-json\/wp\/v2\/users\/7"}],"replies":[{"embeddable":true,"href":"https:\/\/vinasfm.com\/noticias\/wp-json\/wp\/v2\/comments?post=149596"}],"version-history":[{"count":1,"href":"https:\/\/vinasfm.com\/noticias\/wp-json\/wp\/v2\/posts\/149596\/revisions"}],"predecessor-version":[{"id":149598,"href":"https:\/\/vinasfm.com\/noticias\/wp-json\/wp\/v2\/posts\/149596\/revisions\/149598"}],"wp:featuredmedia":[{"embeddable":true,"href":"https:\/\/vinasfm.com\/noticias\/wp-json\/wp\/v2\/media\/149602"}],"wp:attachment":[{"href":"https:\/\/vinasfm.com\/noticias\/wp-json\/wp\/v2\/media?parent=149596"}],"wp:term":[{"taxonomy":"category","embeddable":true,"href":"https:\/\/vinasfm.com\/noticias\/wp-json\/wp\/v2\/categories?post=149596"},{"taxonomy":"post_tag","embeddable":true,"href":"https:\/\/vinasfm.com\/noticias\/wp-json\/wp\/v2\/tags?post=149596"}],"curies":[{"name":"wp","href":"https:\/\/api.w.org\/{rel}","templated":true}]}}