{"id":149590,"date":"2025-06-13T09:20:15","date_gmt":"2025-06-13T12:20:15","guid":{"rendered":"https:\/\/vinasfm.com\/noticias\/?p=149590"},"modified":"2025-06-13T09:20:15","modified_gmt":"2025-06-13T12:20:15","slug":"el-isa-celebra-el-dia-de-san-antonio-de-padua-con-una-gran-pena-folclorica","status":"publish","type":"post","link":"https:\/\/vinasfm.com\/noticias\/el-isa-celebra-el-dia-de-san-antonio-de-padua-con-una-gran-pena-folclorica\/","title":{"rendered":"EL ISA CELEBRA EL D\u00cdA DE SAN ANTONIO DE PADUA CON UNA GRAN PE\u00d1A FOLCL\u00d3RICA"},"content":{"rendered":"<h4><span style=\"color: #003300;\"><strong>La Comisi\u00f3n de Padres del Instituto San Antonio (ISA) de General Alvear invita a la comunidad a participar de una gran pe\u00f1a folcl\u00f3rica que se realizar\u00e1 este s\u00e1bado 14 de junio en el gimnasio de la instituci\u00f3n, ubicado en calle 26 de Julio. <\/strong><\/span><\/h4>\n<p>El evento, que comenzar\u00e1 a las 21:00 horas, tiene como objetivo celebrar el D\u00eda del Patrono del colegio, San Antonio de Padua, que se conmemora este viernes 13 de junio.<\/p>\n<p><span style=\"color: #003366;\"><strong>Esteban Morales<\/strong><\/span>, miembro de la Comisi\u00f3n de Padres, dialog\u00f3 con <span style=\"color: #800080;\"><strong>FM VI\u00d1AS<\/strong><\/span> y destac\u00f3 la trayectoria del ISA y el arduo trabajo de los padres para sostener la instituci\u00f3n. <em><strong>\u00abQueremos festejar el d\u00eda del patrono del colegio, que es el d\u00eda 13, por lo que hemos organizamos para el d\u00eda s\u00e1bado una pe\u00f1a folcl\u00f3rica para celebrar la fiesta del patrono\u00bb<\/strong><\/em>, explic\u00f3 Morales.<\/p>\n<p>La pe\u00f1a contar\u00e1 con la participaci\u00f3n de un nutrido grupo de artistas locales:<em> Las Voces de Ayel\u00e9n, Alejandro \u00c1lvarez, Grupo Herencia, Grupo Esencia, Huellas de Tradici\u00f3n, Estudio La Carreta, Ballet Municipal, Grupo Folcl\u00f3rico, Ballet Adultos Mayores Integrarte, Sur Cuyano Tango, Sur Tango.<\/em><\/p>\n<p>Adem\u00e1s de la propuesta art\u00edstica, los asistentes podr\u00e1n disfrutar de una completa cantina con precios econ\u00f3micos. Habr\u00e1 pasteles, empanadas, choripanes, panchos, papas fritas, gaseosas, cervezas y otras bebidas para todos los gustos.<\/p>\n<p><a href=\"https:\/\/vinasfm.com\/noticias\/wp-content\/uploads\/2025\/06\/Imagen-de-WhatsApp-2025-06-13-a-las-09.13.37_36a8cfab.jpg\"><img loading=\"lazy\" decoding=\"async\" class=\"wp-image-149591 aligncenter\" src=\"https:\/\/vinasfm.com\/noticias\/wp-content\/uploads\/2025\/06\/Imagen-de-WhatsApp-2025-06-13-a-las-09.13.37_36a8cfab-724x1024.jpg\" alt=\"\" width=\"400\" height=\"566\" srcset=\"https:\/\/vinasfm.com\/noticias\/wp-content\/uploads\/2025\/06\/Imagen-de-WhatsApp-2025-06-13-a-las-09.13.37_36a8cfab-724x1024.jpg 724w, https:\/\/vinasfm.com\/noticias\/wp-content\/uploads\/2025\/06\/Imagen-de-WhatsApp-2025-06-13-a-las-09.13.37_36a8cfab-212x300.jpg 212w, https:\/\/vinasfm.com\/noticias\/wp-content\/uploads\/2025\/06\/Imagen-de-WhatsApp-2025-06-13-a-las-09.13.37_36a8cfab-768x1086.jpg 768w, https:\/\/vinasfm.com\/noticias\/wp-content\/uploads\/2025\/06\/Imagen-de-WhatsApp-2025-06-13-a-las-09.13.37_36a8cfab-1086x1536.jpg 1086w, https:\/\/vinasfm.com\/noticias\/wp-content\/uploads\/2025\/06\/Imagen-de-WhatsApp-2025-06-13-a-las-09.13.37_36a8cfab.jpg 1131w\" sizes=\"auto, (max-width: 400px) 100vw, 400px\" \/><\/a><\/p>\n<h2>Fondos Destinados a la Refacci\u00f3n de Ba\u00f1os del Gimnasio<\/h2>\n<p>Morales enfatiz\u00f3 que el evento es a total beneficio de la instituci\u00f3n.<strong><em> \u00abHoy las instituciones educativas est\u00e1n sufriendo mucho lo que son las cuestiones econ\u00f3micas. Cualquier instituci\u00f3n que tenga que hacer alg\u00fan arreglo le significa un mont\u00f3n de dinero\u00bb<\/em><\/strong>, coment\u00f3. En esta ocasi\u00f3n, los fondos recaudados ser\u00e1n destinados a una obra prioritaria: la refacci\u00f3n de los ba\u00f1os del gimnasio. <strong><em>\u00abAnteriormente hemos tenido algunos lugares donde se llov\u00eda y as\u00ed hemos podido lograrlo, arreglarlo. As\u00ed que en este caso va a ir destinado exclusivamente a eso\u00bb<\/em><\/strong>, afirm\u00f3.<\/p>\n<p>Las entradas anticipadas tienen un costo de $3.000 y se pueden adquirir en la secretar\u00eda del colegio en horario normal, o comunic\u00e1ndose al tel\u00e9fono de Esteban Morales: 2625-43-4205.<\/p>\n<p><strong>La Comisi\u00f3n de Padres del Instituto San Antonio agradece el apoyo de la comunidad y espera una gran concurrencia para celebrar juntos y colaborar con el futuro de la instituci\u00f3n.<\/strong><\/p>\n","protected":false},"excerpt":{"rendered":"<p>La Comisi\u00f3n de Padres del Instituto San Antonio (ISA) de General Alvear invita a la comunidad a participar de una gran &#8230;<\/p>\n","protected":false},"author":7,"featured_media":149592,"comment_status":"open","ping_status":"open","sticky":false,"template":"","format":"standard","meta":{"footnotes":""},"categories":[1],"tags":[],"class_list":["post-149590","post","type-post","status-publish","format-standard","has-post-thumbnail","hentry","category-fmvinas"],"_links":{"self":[{"href":"https:\/\/vinasfm.com\/noticias\/wp-json\/wp\/v2\/posts\/149590","targetHints":{"allow":["GET"]}}],"collection":[{"href":"https:\/\/vinasfm.com\/noticias\/wp-json\/wp\/v2\/posts"}],"about":[{"href":"https:\/\/vinasfm.com\/noticias\/wp-json\/wp\/v2\/types\/post"}],"author":[{"embeddable":true,"href":"https:\/\/vinasfm.com\/noticias\/wp-json\/wp\/v2\/users\/7"}],"replies":[{"embeddable":true,"href":"https:\/\/vinasfm.com\/noticias\/wp-json\/wp\/v2\/comments?post=149590"}],"version-history":[{"count":1,"href":"https:\/\/vinasfm.com\/noticias\/wp-json\/wp\/v2\/posts\/149590\/revisions"}],"predecessor-version":[{"id":149593,"href":"https:\/\/vinasfm.com\/noticias\/wp-json\/wp\/v2\/posts\/149590\/revisions\/149593"}],"wp:featuredmedia":[{"embeddable":true,"href":"https:\/\/vinasfm.com\/noticias\/wp-json\/wp\/v2\/media\/149592"}],"wp:attachment":[{"href":"https:\/\/vinasfm.com\/noticias\/wp-json\/wp\/v2\/media?parent=149590"}],"wp:term":[{"taxonomy":"category","embeddable":true,"href":"https:\/\/vinasfm.com\/noticias\/wp-json\/wp\/v2\/categories?post=149590"},{"taxonomy":"post_tag","embeddable":true,"href":"https:\/\/vinasfm.com\/noticias\/wp-json\/wp\/v2\/tags?post=149590"}],"curies":[{"name":"wp","href":"https:\/\/api.w.org\/{rel}","templated":true}]}}