{"id":149587,"date":"2025-06-13T08:54:21","date_gmt":"2025-06-13T11:54:21","guid":{"rendered":"https:\/\/vinasfm.com\/noticias\/?p=149587"},"modified":"2025-06-13T08:54:21","modified_gmt":"2025-06-13T11:54:21","slug":"tras-la-investigacion-judicial-por-un-caso-de-abuso-sexual-desde-el-colegio-san-cayetano-aseguraron-que-los-alumnos-estan-cuidados","status":"publish","type":"post","link":"https:\/\/vinasfm.com\/noticias\/tras-la-investigacion-judicial-por-un-caso-de-abuso-sexual-desde-el-colegio-san-cayetano-aseguraron-que-los-alumnos-estan-cuidados\/","title":{"rendered":"TRAS LA INVESTIGACI\u00d3N JUDICIAL POR UN CASO DE ABUSO SEXUAL, DESDE EL COLEGIO SAN CAYETANO ASEGURARON QUE \u00abLOS ALUMNOS\u00a0EST\u00c1N\u00a0CUIDADOS\u00bb"},"content":{"rendered":"<h4 data-sourcepos=\"4:1-4:393\"><strong><span style=\"color: #003300;\">El Colegio P-080 San Cayetano de Bowen emiti\u00f3 un comunicado oficial dirigido a las familias, en respuesta a la investigaci\u00f3n judicial en curso que involucra a un miembro de su personal. La instituci\u00f3n educativa lament\u00f3 la \u00abrepercusi\u00f3n medi\u00e1tica\u00bb y la difusi\u00f3n de \u00abcalumnias y juicios apresurados\u00bb que, seg\u00fan el comunicado, han afectado profundamente a la comunidad escolar.<\/span><\/strong><\/h4>\n<p data-sourcepos=\"6:1-6:264\">La investigaci\u00f3n judicial se inici\u00f3 tras una denuncia por presunto abuso sexual radicada en la Comisar\u00eda 46\u00ba de Bowen, con intervenci\u00f3n de la fiscal\u00eda de General Alvear. La denuncia fue presentada por la madre de un estudiante, se\u00f1alando a un empleado del colegio.<\/p>\n<p data-sourcepos=\"11:1-11:389\">En su comunicado, el Colegio San Cayetano enfatiz\u00f3 su <strong>colaboraci\u00f3n activa con la justicia desde el primer momento<\/strong>, con el objetivo de que <strong><em>\u00abse esclarezca la verdad\u00bb<\/em><\/strong>. Sin embargo, la instituci\u00f3n manifest\u00f3 que, por respeto a todas las personas involucradas, no se emitir\u00e1n declaraciones p\u00fablicas ni a los medios, ni se responder\u00e1 a las <strong><em>\u00abnumerosas injurias\u00bb<\/em><\/strong> que circulan en redes sociales.<\/p>\n<p data-sourcepos=\"13:1-13:239\">La escuela busc\u00f3 <strong>transmitir tranquilidad a las familias<\/strong>, asegurando que los estudiantes est\u00e1n <em><strong>\u00abcuidados, seguros y acompa\u00f1ados\u00bb<\/strong><\/em>. Asimismo, destacaron que el equipo docente contin\u00faa con su labor con <strong><em>\u00abcompromiso, amor y responsabilidad\u00bb.<\/em><\/strong><\/p>\n<p data-sourcepos=\"15:1-15:378\">El comunicado concluy\u00f3 con un pedido de confianza a la comunidad para <strong><em>\u00abproteger\u00bb<\/em><\/strong> y<em><strong> \u00absostener\u00bb<\/strong> <\/em>el proyecto educativo del colegio, agradeciendo el apoyo de quienes <strong><em>\u00abeligen mirar con el coraz\u00f3n y no desde el prejuicio\u00bb<\/em><\/strong>. El mensaje fue emitido en una fecha significativa para la instituci\u00f3n, al conmemorarse el nacimiento del Padre Basilio, figura a quien el colegio rinde homenaje.<\/p>\n<p data-sourcepos=\"17:1-18:3\">La comunidad educativa del Colegio San Cayetano permanece a la espera de los resultados de la investigaci\u00f3n judicial para el esclarecimiento de los hechos.<\/p>\n<h2 data-sourcepos=\"17:1-18:3\">EL COMUNICADO<\/h2>\n<hr \/>\n<p><a href=\"https:\/\/vinasfm.com\/noticias\/wp-content\/uploads\/2025\/06\/Cuerpo-1.png\"><img loading=\"lazy\" decoding=\"async\" class=\"wp-image-149588 aligncenter\" src=\"https:\/\/vinasfm.com\/noticias\/wp-content\/uploads\/2025\/06\/Cuerpo-1-724x1024.png\" alt=\"\" width=\"700\" height=\"990\" srcset=\"https:\/\/vinasfm.com\/noticias\/wp-content\/uploads\/2025\/06\/Cuerpo-1-724x1024.png 724w, https:\/\/vinasfm.com\/noticias\/wp-content\/uploads\/2025\/06\/Cuerpo-1-212x300.png 212w, https:\/\/vinasfm.com\/noticias\/wp-content\/uploads\/2025\/06\/Cuerpo-1-768x1086.png 768w, https:\/\/vinasfm.com\/noticias\/wp-content\/uploads\/2025\/06\/Cuerpo-1-1086x1536.png 1086w, https:\/\/vinasfm.com\/noticias\/wp-content\/uploads\/2025\/06\/Cuerpo-1.png 1414w\" sizes=\"auto, (max-width: 700px) 100vw, 700px\" \/><\/a><\/p>\n","protected":false},"excerpt":{"rendered":"<p>El Colegio P-080 San Cayetano de Bowen emiti\u00f3 un comunicado oficial dirigido a las familias, en respuesta a la investigaci\u00f3n judicial &#8230;<\/p>\n","protected":false},"author":7,"featured_media":149521,"comment_status":"open","ping_status":"open","sticky":false,"template":"","format":"standard","meta":{"footnotes":""},"categories":[1],"tags":[],"class_list":["post-149587","post","type-post","status-publish","format-standard","has-post-thumbnail","hentry","category-fmvinas"],"_links":{"self":[{"href":"https:\/\/vinasfm.com\/noticias\/wp-json\/wp\/v2\/posts\/149587","targetHints":{"allow":["GET"]}}],"collection":[{"href":"https:\/\/vinasfm.com\/noticias\/wp-json\/wp\/v2\/posts"}],"about":[{"href":"https:\/\/vinasfm.com\/noticias\/wp-json\/wp\/v2\/types\/post"}],"author":[{"embeddable":true,"href":"https:\/\/vinasfm.com\/noticias\/wp-json\/wp\/v2\/users\/7"}],"replies":[{"embeddable":true,"href":"https:\/\/vinasfm.com\/noticias\/wp-json\/wp\/v2\/comments?post=149587"}],"version-history":[{"count":2,"href":"https:\/\/vinasfm.com\/noticias\/wp-json\/wp\/v2\/posts\/149587\/revisions"}],"predecessor-version":[{"id":149612,"href":"https:\/\/vinasfm.com\/noticias\/wp-json\/wp\/v2\/posts\/149587\/revisions\/149612"}],"wp:featuredmedia":[{"embeddable":true,"href":"https:\/\/vinasfm.com\/noticias\/wp-json\/wp\/v2\/media\/149521"}],"wp:attachment":[{"href":"https:\/\/vinasfm.com\/noticias\/wp-json\/wp\/v2\/media?parent=149587"}],"wp:term":[{"taxonomy":"category","embeddable":true,"href":"https:\/\/vinasfm.com\/noticias\/wp-json\/wp\/v2\/categories?post=149587"},{"taxonomy":"post_tag","embeddable":true,"href":"https:\/\/vinasfm.com\/noticias\/wp-json\/wp\/v2\/tags?post=149587"}],"curies":[{"name":"wp","href":"https:\/\/api.w.org\/{rel}","templated":true}]}}