{"id":149581,"date":"2025-06-13T08:21:31","date_gmt":"2025-06-13T11:21:31","guid":{"rendered":"https:\/\/vinasfm.com\/noticias\/?p=149581"},"modified":"2025-06-13T08:21:31","modified_gmt":"2025-06-13T11:21:31","slug":"rus-es-la-incorporacion-mas-grande-de-profesionales-en-la-historia-del-servicio-penitenciario","status":"publish","type":"post","link":"https:\/\/vinasfm.com\/noticias\/rus-es-la-incorporacion-mas-grande-de-profesionales-en-la-historia-del-servicio-penitenciario\/","title":{"rendered":"RUS: \u201cES LA INCORPORACI\u00d3N M\u00c1S GRANDE DE PROFESIONALES EN LA HISTORIA DEL SERVICIO PENITENCIARIO\u201d"},"content":{"rendered":"<h4><strong><span style=\"color: #003300;\">Con estas palabras, la ministra de Seguridad y Justicia, Mercedes Rus, present\u00f3 a 47 nuevos profesionales que reforzar\u00e1n la asistencia y el tratamiento de personas privadas de libertad en Mendoza. La medida forma parte de una pol\u00edtica de ampliaci\u00f3n y jerarquizaci\u00f3n del recurso humano que trabaja en contextos de encierro.<\/span><\/strong><\/h4>\n<p>La <em>ministra de Seguridad y Justicia<\/em>, <span style=\"color: #003366;\"><strong>Mercedes Rus<\/strong> <\/span>junto; <em>el director y la subdirectora general del Servicio Penitenciario<\/em>,<strong><span style=\"color: #003366;\"> Eduardo Orellana<\/span><\/strong> y <span style=\"color: #003366;\"><strong>Alejandra Llarena<\/strong><\/span>, presentaron la incorporaci\u00f3n de 47 profesionales que fortalecer\u00e1n la asistencia y el tratamiento de personas privadas de libertad en Mendoza.<\/p>\n<p><em>\u201cSe trata de la incorporaci\u00f3n m\u00e1s grande de profesionales para asistencia y tratamiento de personas privadas de libertad en toda la historia del Servicio Penitenciario\u201d<\/em>, destac\u00f3 la ministra en el inicio del acto.<\/p>\n<p>Esta incorporaci\u00f3n forma parte de un plan integral del <strong>Ministerio de Seguridad y Justicia<\/strong> para robustecer el <strong>Servicio Penitenciario Provincial<\/strong> <em>(SPP)<\/em>. A partir de hoy, psic\u00f3logos, trabajadores sociales, m\u00e9dicos, licenciados en enfermer\u00eda, entre otros profesionales, comenzar\u00e1n a desempe\u00f1arse en diversas \u00e1reas del Sistema Penitenciario.<\/p>\n<p><em><strong>\u201cEstos 47 profesionales ingresan con la jerarqu\u00eda de oficiales subadjutores y ser\u00e1n distribuidos en distintos establecimientos carcelarios y \u00d3rganos T\u00e9cnicos Criminol\u00f3gicos (OTC) de toda la provincia, incluyendo el Sur mendocino, donde tambi\u00e9n se suman\u201d<\/strong><\/em>, remarc\u00f3 la ministra, y calific\u00f3 esta incorporaci\u00f3n como <em><strong>\u201cun paso enorme que fortalece todos los oasis penitenciarios y la gesti\u00f3n del servicio\u201d.<\/strong><\/em><\/p>\n<p>La funcionaria tambi\u00e9n asegur\u00f3 la importancia de esta medida, ya que <strong><em>\u201cestos profesionales cumplen un rol fundamental en la asistencia, el tratamiento y el diagn\u00f3stico de las personas privadas de libertad, lo cual es clave para los fines de resocializaci\u00f3n que persigue el servicio\u201d.<\/em><\/strong><\/p>\n<p>Adem\u00e1s, Mercedes Rus se\u00f1al\u00f3 que la iniciativa va m\u00e1s all\u00e1 del encierro. <em><strong>\u201cRobustecemos los planes de tratamiento pensando en quienes est\u00e1n intramuros, pero tambi\u00e9n en sus capacidades para desarrollar una vida en comunidad una vez fuera. Todo esto impacta directamente en la seguridad ciudadana. Por eso, era fundamental estar presentes junto con estos profesionales\u201d.<\/strong><\/em><\/p>\n<p><img decoding=\"async\" class=\"aligncenter\" src=\"https:\/\/www.mendoza.gov.ar\/wp-content\/uploads\/sites\/5\/2025\/06\/2e3cf1af-8b9a-4e3d-88a8-1e7664f46159-700x467.jpg\" \/><\/p>\n<p>Oficializada a principios de este mes a trav\u00e9s del\u00a0<em>Bolet\u00edn Oficial,<\/em>\u00a0esta incorporaci\u00f3n responde a un concurso abierto iniciado en noviembre de 2024, dirigido a personal civil con formaci\u00f3n espec\u00edfica en \u00e1reas vinculadas al tratamiento y la asistencia en contextos de encierro. Tras un riguroso proceso de selecci\u00f3n, se suman trabajadores sociales, psic\u00f3logos, odont\u00f3logos, m\u00e9dicos, terapistas ocupacionales, farmac\u00e9uticos, bioqu\u00edmicos y licenciados en enfermer\u00eda.<\/p>\n<p>En ese sentido, Rus subray\u00f3 la importancia pol\u00edtica y presupuestaria detr\u00e1s de la decisi\u00f3n. <em><strong>\u201cEsto significa una inversi\u00f3n importante, prevista en el presupuesto. El Gobernador acompa\u00f1a esta visi\u00f3n, que no es com\u00fan en otros servicios penitenciarios. Incorporar psic\u00f3logos, trabajadores sociales y m\u00e9dicos a la asistencia es fundamental porque entendemos que esto es clave para la seguridad\u201d.<\/strong><\/em><\/p>\n<p>Sobre el cierre del acto, el <em>director general del Servicio Penitenciario<\/em>, <strong><span style=\"color: #003366;\">Eduardo Orellana<\/span><\/strong>, destac\u00f3 el compromiso de los nuevos profesionales agradeciendo la finalizaci\u00f3n del proceso de selecci\u00f3n. <strong><em>\u201cS\u00e9 que han recibido la capacitaci\u00f3n correspondiente y solo les deseo treinta a\u00f1os de servicio, nada m\u00e1s que eso, el mejor proceso. Oficialmente sean bienvenidos al Servicio Penitenciario de Mendoza\u201d.<\/em><\/strong><\/p>\n<p>La ministra concluy\u00f3 con un balance del proceso aseverando que<strong><em> \u201cson profesionales que pasaron por un concurso abierto de oposici\u00f3n y antecedentes que comenz\u00f3 el a\u00f1o pasado. Fue un proceso exigente, con un n\u00famero muy alto de aspirantes, y estos son los elegidos tras ex\u00e1menes y pruebas psicot\u00e9cnicas. Adem\u00e1s, se valor\u00f3 el perfil y la vocaci\u00f3n p\u00fablica, indispensable para quienes van a prestar servicios en el Servicio Penitenciario\u201d.<\/em><\/strong><\/p>\n<p><img decoding=\"async\" class=\"aligncenter\" src=\"https:\/\/www.mendoza.gov.ar\/wp-content\/uploads\/sites\/5\/2025\/06\/MG_9734-700x467.jpg\" \/><\/p>\n<h2><strong>Capacitaci\u00f3n espec\u00edfica para el trabajo en contextos de encierro<\/strong><\/h2>\n<p>Antes de asumir sus funciones, <strong>los 47 profesionales incorporados al Servicio Penitenciario Provincial completaron una capacitaci\u00f3n espec\u00edfica orientada a brindar herramientas te\u00f3ricas y pr\u00e1cticas para la intervenci\u00f3n en contextos de privaci\u00f3n de libertad.<\/strong> El proceso formativo fue dise\u00f1ado y dictado por el Instituto Universitario de Seguridad P\u00fablica (IUSP), en articulaci\u00f3n con el Servicio Penitenciario y la Subsecretar\u00eda de Justicia.<\/p>\n<p>La capacitaci\u00f3n, de car\u00e1cter obligatorio, tuvo una duraci\u00f3n de dos semanas y se desarroll\u00f3 bajo modalidad presencial. Estuvo centrada en <strong>contenidos vinculados al marco legal que regula el sistema penitenciario, derechos humanos, protocolos de intervenci\u00f3n sanitaria y psicosocial, normativas internas de funcionamiento, t\u00e9cnicas de abordaje interdisciplinario y principios de seguridad institucional.<\/strong><\/p>\n<p>Adem\u00e1s, los profesionales recibieron formaci\u00f3n sobre el rol espec\u00edfico que deber\u00e1n desempe\u00f1ar dentro del sistema, con foco en el trabajo en equipo, la prevenci\u00f3n de situaciones de violencia, la gesti\u00f3n de conflictos y la elaboraci\u00f3n de informes t\u00e9cnicos. Tambi\u00e9n<strong> se abordaron aspectos vinculados a la \u00e9tica profesional, la confidencialidad de la informaci\u00f3n y la contenci\u00f3n emocional tanto de las personas privadas de libertad como del personal penitenciario.<\/strong><\/p>\n<p>Esta etapa formativa tuvo como objetivo principal garantizar que los nuevos ingresos cuenten con las herramientas necesarias para desempe\u00f1ar su tarea de manera eficaz, respetuosa de los derechos y en l\u00ednea con los est\u00e1ndares institucionales que promueve el Ministerio de Seguridad y Justicia.<\/p>\n","protected":false},"excerpt":{"rendered":"<p>Con estas palabras, la ministra de Seguridad y Justicia, Mercedes Rus, present\u00f3 a 47 nuevos profesionales que reforzar\u00e1n la asistencia y &#8230;<\/p>\n","protected":false},"author":7,"featured_media":149582,"comment_status":"open","ping_status":"open","sticky":false,"template":"","format":"standard","meta":{"footnotes":""},"categories":[1],"tags":[],"class_list":["post-149581","post","type-post","status-publish","format-standard","has-post-thumbnail","hentry","category-fmvinas"],"_links":{"self":[{"href":"https:\/\/vinasfm.com\/noticias\/wp-json\/wp\/v2\/posts\/149581","targetHints":{"allow":["GET"]}}],"collection":[{"href":"https:\/\/vinasfm.com\/noticias\/wp-json\/wp\/v2\/posts"}],"about":[{"href":"https:\/\/vinasfm.com\/noticias\/wp-json\/wp\/v2\/types\/post"}],"author":[{"embeddable":true,"href":"https:\/\/vinasfm.com\/noticias\/wp-json\/wp\/v2\/users\/7"}],"replies":[{"embeddable":true,"href":"https:\/\/vinasfm.com\/noticias\/wp-json\/wp\/v2\/comments?post=149581"}],"version-history":[{"count":1,"href":"https:\/\/vinasfm.com\/noticias\/wp-json\/wp\/v2\/posts\/149581\/revisions"}],"predecessor-version":[{"id":149583,"href":"https:\/\/vinasfm.com\/noticias\/wp-json\/wp\/v2\/posts\/149581\/revisions\/149583"}],"wp:featuredmedia":[{"embeddable":true,"href":"https:\/\/vinasfm.com\/noticias\/wp-json\/wp\/v2\/media\/149582"}],"wp:attachment":[{"href":"https:\/\/vinasfm.com\/noticias\/wp-json\/wp\/v2\/media?parent=149581"}],"wp:term":[{"taxonomy":"category","embeddable":true,"href":"https:\/\/vinasfm.com\/noticias\/wp-json\/wp\/v2\/categories?post=149581"},{"taxonomy":"post_tag","embeddable":true,"href":"https:\/\/vinasfm.com\/noticias\/wp-json\/wp\/v2\/tags?post=149581"}],"curies":[{"name":"wp","href":"https:\/\/api.w.org\/{rel}","templated":true}]}}