{"id":149572,"date":"2025-06-11T12:02:18","date_gmt":"2025-06-11T15:02:18","guid":{"rendered":"https:\/\/vinasfm.com\/noticias\/?p=149572"},"modified":"2025-06-12T12:07:56","modified_gmt":"2025-06-12T15:07:56","slug":"general-alvear-sera-sede-de-una-jornada-clave-para-el-futuro-de-la-ganaderia-sustentable","status":"publish","type":"post","link":"https:\/\/vinasfm.com\/noticias\/general-alvear-sera-sede-de-una-jornada-clave-para-el-futuro-de-la-ganaderia-sustentable\/","title":{"rendered":"GENERAL ALVEAR SER\u00c1 SEDE DE UNA JORNADA CLAVE PARA EL FUTURO DE LA GANADER\u00cdA SUSTENTABLE"},"content":{"rendered":"<h4 data-start=\"113\" data-end=\"466\"><strong><span style=\"color: #003300;\">El pr\u00f3ximo mi\u00e9rcoles 25 de junio de 2025, el Instituto de Promoci\u00f3n de la Carne Vacuna Argentina (IPCVA), con la participaci\u00f3n del INTA Rama Ca\u00edda, realizar\u00e1 una nueva edici\u00f3n de sus \u00abJornadas a Campo\u00bb en el establecimiento \u00abLa Sof\u00eda\u00bb, ubicado sobre la Ruta 188, kil\u00f3metro 732.<\/span><\/strong><\/h4>\n<p data-start=\"468\" data-end=\"751\">Bajo el lema <strong data-start=\"481\" data-end=\"537\">\u201cHerramientas claves para una ganader\u00eda sustentable\u201d<\/strong>, el evento reunir\u00e1 a productores, t\u00e9cnicos y especialistas del sector en una jornada <strong data-start=\"623\" data-end=\"637\">presencial<\/strong> y gratuita, con <strong data-start=\"654\" data-end=\"673\">cupos limitados<\/strong>, donde se abordar\u00e1n tem\u00e1ticas estrat\u00e9gicas para la ganader\u00eda en zonas \u00e1ridas.<\/p>\n<p data-start=\"468\" data-end=\"751\"><a href=\"https:\/\/vinasfm.com\/noticias\/wp-content\/uploads\/2025\/06\/Imagen-de-WhatsApp-2025-06-12-a-las-12.01.20_eec2d1af.jpg\"><img loading=\"lazy\" decoding=\"async\" class=\"aligncenter wp-image-149573\" src=\"https:\/\/vinasfm.com\/noticias\/wp-content\/uploads\/2025\/06\/Imagen-de-WhatsApp-2025-06-12-a-las-12.01.20_eec2d1af-667x1024.jpg\" alt=\"\" width=\"400\" height=\"614\" \/><\/a><\/p>\n<p data-start=\"753\" data-end=\"807\">Entre las actividades destacadas del programa figuran:<\/p>\n<ul data-start=\"809\" data-end=\"1212\">\n<li data-start=\"809\" data-end=\"935\">\n<p data-start=\"811\" data-end=\"935\"><strong data-start=\"811\" data-end=\"882\">Nuevas tecnolog\u00edas para optimizar el manejo de pastizales naturales<\/strong>, incluyendo el uso de im\u00e1genes satelitales y drones.<\/p>\n<\/li>\n<li data-start=\"936\" data-end=\"1027\">\n<p data-start=\"938\" data-end=\"1027\"><strong data-start=\"938\" data-end=\"976\">Desaf\u00edos de la nutrici\u00f3n extensiva<\/strong>, con foco en mejorar la productividad por vientre.<\/p>\n<\/li>\n<li data-start=\"1028\" data-end=\"1104\">\n<p data-start=\"1030\" data-end=\"1104\">Herramientas para lograr <strong data-start=\"1055\" data-end=\"1103\">rentabilidad y productividad en zonas \u00e1ridas<\/strong>.<\/p>\n<\/li>\n<li data-start=\"1105\" data-end=\"1212\">\n<p data-start=\"1107\" data-end=\"1212\">C\u00f3mo la <strong data-start=\"1115\" data-end=\"1168\">inteligencia artificial y los copilotos digitales<\/strong> est\u00e1n transformando el marketing de carnes.<\/p>\n<\/li>\n<\/ul>\n<p data-start=\"1214\" data-end=\"1643\">El encuentro contar\u00e1 con la participaci\u00f3n de reconocidos especialistas del<em> INTA<\/em> y del<em> IPCVA<\/em>, como la Ing. Agr. Cecilia Picca, el Ing. Agr. Sebasti\u00e1n Mora, el Ing. Zoot. Adri\u00e1n Orozco y el presidente del IPCVA, Georges Breitschmitt. Tambi\u00e9n se realizar\u00e1 una <strong data-start=\"1471\" data-end=\"1508\">visita t\u00e9cnica al establecimiento<\/strong>, donde se mostrar\u00e1n en campo las tecnolog\u00edas utilizadas para mejorar el manejo del pastizal natural y la condici\u00f3n corporal del rodeo.<\/p>\n<p data-start=\"1645\" data-end=\"1807\">Para m\u00e1s informaci\u00f3n e inscripci\u00f3n, los interesados pueden ingresar a <a class=\"\" href=\"http:\/\/www.ipcva.com.ar\" target=\"_new\" rel=\"noopener\" data-start=\"1715\" data-end=\"1758\">www.ipcva.com.ar<\/a> o comunicarse por mail a <strong data-start=\"1784\" data-end=\"1805\"><a class=\"cursor-pointer\" rel=\"noopener\" data-start=\"1786\" data-end=\"1803\">info@ipcva.com.ar<\/a><\/strong>.<\/p>\n","protected":false},"excerpt":{"rendered":"<p>El pr\u00f3ximo mi\u00e9rcoles 25 de junio de 2025, el Instituto de Promoci\u00f3n de la Carne Vacuna Argentina (IPCVA), con la participaci\u00f3n &#8230;<\/p>\n","protected":false},"author":7,"featured_media":149573,"comment_status":"open","ping_status":"open","sticky":false,"template":"","format":"standard","meta":{"footnotes":""},"categories":[14,10],"tags":[],"class_list":["post-149572","post","type-post","status-publish","format-standard","has-post-thumbnail","hentry","category-agro","category-destacadas"],"_links":{"self":[{"href":"https:\/\/vinasfm.com\/noticias\/wp-json\/wp\/v2\/posts\/149572","targetHints":{"allow":["GET"]}}],"collection":[{"href":"https:\/\/vinasfm.com\/noticias\/wp-json\/wp\/v2\/posts"}],"about":[{"href":"https:\/\/vinasfm.com\/noticias\/wp-json\/wp\/v2\/types\/post"}],"author":[{"embeddable":true,"href":"https:\/\/vinasfm.com\/noticias\/wp-json\/wp\/v2\/users\/7"}],"replies":[{"embeddable":true,"href":"https:\/\/vinasfm.com\/noticias\/wp-json\/wp\/v2\/comments?post=149572"}],"version-history":[{"count":1,"href":"https:\/\/vinasfm.com\/noticias\/wp-json\/wp\/v2\/posts\/149572\/revisions"}],"predecessor-version":[{"id":149574,"href":"https:\/\/vinasfm.com\/noticias\/wp-json\/wp\/v2\/posts\/149572\/revisions\/149574"}],"wp:featuredmedia":[{"embeddable":true,"href":"https:\/\/vinasfm.com\/noticias\/wp-json\/wp\/v2\/media\/149573"}],"wp:attachment":[{"href":"https:\/\/vinasfm.com\/noticias\/wp-json\/wp\/v2\/media?parent=149572"}],"wp:term":[{"taxonomy":"category","embeddable":true,"href":"https:\/\/vinasfm.com\/noticias\/wp-json\/wp\/v2\/categories?post=149572"},{"taxonomy":"post_tag","embeddable":true,"href":"https:\/\/vinasfm.com\/noticias\/wp-json\/wp\/v2\/tags?post=149572"}],"curies":[{"name":"wp","href":"https:\/\/api.w.org\/{rel}","templated":true}]}}