{"id":149567,"date":"2025-06-12T11:40:05","date_gmt":"2025-06-12T14:40:05","guid":{"rendered":"https:\/\/vinasfm.com\/noticias\/?p=149567"},"modified":"2025-06-13T10:27:25","modified_gmt":"2025-06-13T13:27:25","slug":"asi-sera-la-atencion-del-comercio-por-los-feriados-de-junio","status":"publish","type":"post","link":"https:\/\/vinasfm.com\/noticias\/asi-sera-la-atencion-del-comercio-por-los-feriados-de-junio\/","title":{"rendered":"AS\u00cd SER\u00c1 LA ATENCI\u00d3N DEL COMERCIO POR LOS FERIADOS DE JUNIO"},"content":{"rendered":"<h4><span style=\"color: #003300;\"><strong>Ante la proximidad de dos fines de semanas largos por los feriados nacionales en honor a Mart\u00edn Miguel de G\u00fcemes y Manuel Belgrano, desde la espec\u00edfica de Comercio de la C\u00e1mara de Alvear se realiz\u00f3 un relevamiento entre los asociados para conocer c\u00f3mo ser\u00e1 la atenci\u00f3n comercial en ambos d\u00edas.<\/strong><\/span><\/h4>\n<p>Seg\u00fan el calendario oficial de feriados 2025, la tercera semana de junio tendr\u00e1 dos feriados nacionales. Por un lado, se encuentra el feriado del pr\u00f3ximo lunes 16 de junio, por el cual se recuerda el Paso a la Inmortalidad del General Don Mart\u00edn Miguel de G\u00fcemes. En este caso, se trata de una jornada que se conmemora el 17 de junio, pero \u00a0al estar considerado como un feriado \u201ctrasladable\u201d la fecha conmemorativa se mueve al lunes y de esta manera se forma el primer fin de semana largo de este mes.<\/p>\n<p>El siguiente feriado nacional es el viernes 20 de junio, D\u00eda de la Bandera, una fecha en la que se recuerda el fallecimiento del General Manuel Belgrano.<\/p>\n<p>Si bien es uno de los feriados \u201cinamovibles\u201d que tiene el calendario, al caer justo en viernes, permite que el fin de semana se transforme en uno largo.<\/p>\n<h2 class=\"has-medium-font-size\"><strong>C\u00f3mo ser\u00e1 la atenci\u00f3n del comercio en Alvear<\/strong><\/h2>\n<p>De acuerdo a la encuesta realizada entre los asociados, para el feriado del lunes 16, <strong>el 85% de los comerciantes optar\u00e1 por cerrar sus puertas mientras que el resto atender\u00e1 mediod\u00eda.<\/strong><\/p>\n<p>En cuanto al feriado del viernes 20, D\u00eda de la Bandera, <strong>el 80% de los negocios permanecer\u00e1 cerrado y el 20% restante atender\u00e1 solo mediod\u00eda o jornada normal, seg\u00fan cada rubro.<\/strong><\/p>\n","protected":false},"excerpt":{"rendered":"<p>Ante la proximidad de dos fines de semanas largos por los feriados nacionales en honor a Mart\u00edn Miguel de G\u00fcemes y &#8230;<\/p>\n","protected":false},"author":7,"featured_media":149568,"comment_status":"open","ping_status":"open","sticky":false,"template":"","format":"standard","meta":{"footnotes":""},"categories":[32,69],"tags":[],"class_list":["post-149567","post","type-post","status-publish","format-standard","has-post-thumbnail","hentry","category-camara-de-comercio","category-comercio"],"_links":{"self":[{"href":"https:\/\/vinasfm.com\/noticias\/wp-json\/wp\/v2\/posts\/149567","targetHints":{"allow":["GET"]}}],"collection":[{"href":"https:\/\/vinasfm.com\/noticias\/wp-json\/wp\/v2\/posts"}],"about":[{"href":"https:\/\/vinasfm.com\/noticias\/wp-json\/wp\/v2\/types\/post"}],"author":[{"embeddable":true,"href":"https:\/\/vinasfm.com\/noticias\/wp-json\/wp\/v2\/users\/7"}],"replies":[{"embeddable":true,"href":"https:\/\/vinasfm.com\/noticias\/wp-json\/wp\/v2\/comments?post=149567"}],"version-history":[{"count":1,"href":"https:\/\/vinasfm.com\/noticias\/wp-json\/wp\/v2\/posts\/149567\/revisions"}],"predecessor-version":[{"id":149569,"href":"https:\/\/vinasfm.com\/noticias\/wp-json\/wp\/v2\/posts\/149567\/revisions\/149569"}],"wp:featuredmedia":[{"embeddable":true,"href":"https:\/\/vinasfm.com\/noticias\/wp-json\/wp\/v2\/media\/149568"}],"wp:attachment":[{"href":"https:\/\/vinasfm.com\/noticias\/wp-json\/wp\/v2\/media?parent=149567"}],"wp:term":[{"taxonomy":"category","embeddable":true,"href":"https:\/\/vinasfm.com\/noticias\/wp-json\/wp\/v2\/categories?post=149567"},{"taxonomy":"post_tag","embeddable":true,"href":"https:\/\/vinasfm.com\/noticias\/wp-json\/wp\/v2\/tags?post=149567"}],"curies":[{"name":"wp","href":"https:\/\/api.w.org\/{rel}","templated":true}]}}