{"id":149559,"date":"2025-06-12T10:58:36","date_gmt":"2025-06-12T13:58:36","guid":{"rendered":"https:\/\/vinasfm.com\/noticias\/?p=149559"},"modified":"2025-06-13T09:48:16","modified_gmt":"2025-06-13T12:48:16","slug":"robaron-un-taladro-del-interior-de-una-camioneta-estacionada-en-pleno-centro","status":"publish","type":"post","link":"https:\/\/vinasfm.com\/noticias\/robaron-un-taladro-del-interior-de-una-camioneta-estacionada-en-pleno-centro\/","title":{"rendered":"ROBARON UN TALADRO DEL INTERIOR DE UNA CAMIONETA ESTACIONADA EN PLENO CENTRO"},"content":{"rendered":"<h4 data-start=\"285\" data-end=\"541\"><span style=\"color: #003300;\"><strong>El hecho ocurri\u00f3 en la intersecci\u00f3n de Av. Alvear Este y Buenos Aires, durante la jornada del mi\u00e9rcoles.<\/strong><\/span><\/h4>\n<p data-start=\"285\" data-end=\"541\">La v\u00edctima, un hombre de 28 a\u00f1os identificado como C.A.R.F., relat\u00f3 que <strong>dej\u00f3 su camioneta estacionada frente a una ferreter\u00eda mientras realizaba una compra r\u00e1pida<\/strong>. Seg\u00fan declar\u00f3, <strong>el veh\u00edculo no contaba con medidas de seguridad al momento del hecho.<\/strong><\/p>\n<p data-start=\"543\" data-end=\"720\">Al salir del local, not\u00f3 que le hab\u00edan sustra\u00eddo un <strong data-start=\"595\" data-end=\"628\">taladro percutor marca DeWalt<\/strong>, de color amarillo, que se encontraba guardado en un <strong data-start=\"682\" data-end=\"699\">malet\u00edn negro<\/strong> dentro del veh\u00edculo.<\/p>\n<p data-start=\"722\" data-end=\"916\">La polic\u00eda inici\u00f3 una investigaci\u00f3n para dar con el autor o los autores del robo, y <strong>se solicita la colaboraci\u00f3n de la comunidad ante cualquier informaci\u00f3n que pueda ayudar a esclarecer el hecho<\/strong>. De igual modo, se recuerda a los vecinos la importancia de no dejar herramientas u objetos de valor a la vista en los veh\u00edculos, especialmente en zonas transitadas.<\/p>\n","protected":false},"excerpt":{"rendered":"<p>El hecho ocurri\u00f3 en la intersecci\u00f3n de Av. Alvear Este y Buenos Aires, durante la jornada del mi\u00e9rcoles. La v\u00edctima, un &#8230;<\/p>\n","protected":false},"author":7,"featured_media":149560,"comment_status":"open","ping_status":"open","sticky":false,"template":"","format":"standard","meta":{"footnotes":""},"categories":[201,4],"tags":[],"class_list":["post-149559","post","type-post","status-publish","format-standard","has-post-thumbnail","hentry","category-inseguridad","category-policiales"],"_links":{"self":[{"href":"https:\/\/vinasfm.com\/noticias\/wp-json\/wp\/v2\/posts\/149559","targetHints":{"allow":["GET"]}}],"collection":[{"href":"https:\/\/vinasfm.com\/noticias\/wp-json\/wp\/v2\/posts"}],"about":[{"href":"https:\/\/vinasfm.com\/noticias\/wp-json\/wp\/v2\/types\/post"}],"author":[{"embeddable":true,"href":"https:\/\/vinasfm.com\/noticias\/wp-json\/wp\/v2\/users\/7"}],"replies":[{"embeddable":true,"href":"https:\/\/vinasfm.com\/noticias\/wp-json\/wp\/v2\/comments?post=149559"}],"version-history":[{"count":1,"href":"https:\/\/vinasfm.com\/noticias\/wp-json\/wp\/v2\/posts\/149559\/revisions"}],"predecessor-version":[{"id":149561,"href":"https:\/\/vinasfm.com\/noticias\/wp-json\/wp\/v2\/posts\/149559\/revisions\/149561"}],"wp:featuredmedia":[{"embeddable":true,"href":"https:\/\/vinasfm.com\/noticias\/wp-json\/wp\/v2\/media\/149560"}],"wp:attachment":[{"href":"https:\/\/vinasfm.com\/noticias\/wp-json\/wp\/v2\/media?parent=149559"}],"wp:term":[{"taxonomy":"category","embeddable":true,"href":"https:\/\/vinasfm.com\/noticias\/wp-json\/wp\/v2\/categories?post=149559"},{"taxonomy":"post_tag","embeddable":true,"href":"https:\/\/vinasfm.com\/noticias\/wp-json\/wp\/v2\/tags?post=149559"}],"curies":[{"name":"wp","href":"https:\/\/api.w.org\/{rel}","templated":true}]}}