{"id":149553,"date":"2025-06-12T10:23:55","date_gmt":"2025-06-12T13:23:55","guid":{"rendered":"https:\/\/vinasfm.com\/noticias\/?p=149553"},"modified":"2025-06-13T09:49:23","modified_gmt":"2025-06-13T12:49:23","slug":"allanamientos-en-san-rafael-secuestraron-productos-en-mal-estado-y-de-dudosa-procedencia","status":"publish","type":"post","link":"https:\/\/vinasfm.com\/noticias\/allanamientos-en-san-rafael-secuestraron-productos-en-mal-estado-y-de-dudosa-procedencia\/","title":{"rendered":"ALLANAMIENTOS EN SAN RAFAEL: SECUESTRARON PRODUCTOS EN MAL ESTADO Y DE DUDOSA PROCEDENCIA"},"content":{"rendered":"<h4><span style=\"color: #003300;\"><strong>M\u00e1s de 35 kilos de chacinados fueron decomisados en distintos comercios durante una serie de inspecciones. Las condiciones de higiene y la falta de documentaci\u00f3n respaldatoria encendieron las alertas de las autoridades.<\/strong><\/span><\/h4>\n<p>En un operativo conjunto, la <strong>Polic\u00eda Rural de San Rafael<\/strong> y el <strong>\u00c1rea de Bromatolog\u00eda Municipal<\/strong> realizaron cuatro allanamientos en comercios del departamento, donde se secuestraron productos c\u00e1rnicos en condiciones irregulares.<\/p>\n<p>En el primer procedimiento, llevado a cabo en el local comercial ubicado en avenida Bernardo de Irigoyen y Paraguay,<strong> se secuestraron m\u00e1s de 3 kilos de chacinados en mal estado, sin habilitaci\u00f3n y con problemas de higiene.<\/strong> Luego, en un comercio de calle Alem y Paraguay, <strong>se decomisaron casi 23 kilos de productos tambi\u00e9n en mal estado y con serias deficiencias sanitarias.<\/strong><\/p>\n<p>El tercer control se efectu\u00f3 en una carnicer\u00eda de avenida San Mart\u00edn y Paraguay, donde fueron retirados unos 6 kilos de chacinados en mal estado y de procedencia dudosa.<\/p>\n<p>Finalmente, en un comercio ubicado en la intersecci\u00f3n de avenida San Mart\u00edn y 12 de Octubre, se secuestraron m\u00e1s de 3 kilos de productos sin trazabilidad sanitaria. Interviene la Justicia en el marco de las infracciones correspondientes.<\/p>\n","protected":false},"excerpt":{"rendered":"<p>M\u00e1s de 35 kilos de chacinados fueron decomisados en distintos comercios durante una serie de inspecciones. Las condiciones de higiene y &#8230;<\/p>\n","protected":false},"author":7,"featured_media":149554,"comment_status":"open","ping_status":"open","sticky":false,"template":"","format":"standard","meta":{"footnotes":""},"categories":[221,33],"tags":[],"class_list":["post-149553","post","type-post","status-publish","format-standard","has-post-thumbnail","hentry","category-policia-rural","category-seguridad"],"_links":{"self":[{"href":"https:\/\/vinasfm.com\/noticias\/wp-json\/wp\/v2\/posts\/149553","targetHints":{"allow":["GET"]}}],"collection":[{"href":"https:\/\/vinasfm.com\/noticias\/wp-json\/wp\/v2\/posts"}],"about":[{"href":"https:\/\/vinasfm.com\/noticias\/wp-json\/wp\/v2\/types\/post"}],"author":[{"embeddable":true,"href":"https:\/\/vinasfm.com\/noticias\/wp-json\/wp\/v2\/users\/7"}],"replies":[{"embeddable":true,"href":"https:\/\/vinasfm.com\/noticias\/wp-json\/wp\/v2\/comments?post=149553"}],"version-history":[{"count":1,"href":"https:\/\/vinasfm.com\/noticias\/wp-json\/wp\/v2\/posts\/149553\/revisions"}],"predecessor-version":[{"id":149555,"href":"https:\/\/vinasfm.com\/noticias\/wp-json\/wp\/v2\/posts\/149553\/revisions\/149555"}],"wp:featuredmedia":[{"embeddable":true,"href":"https:\/\/vinasfm.com\/noticias\/wp-json\/wp\/v2\/media\/149554"}],"wp:attachment":[{"href":"https:\/\/vinasfm.com\/noticias\/wp-json\/wp\/v2\/media?parent=149553"}],"wp:term":[{"taxonomy":"category","embeddable":true,"href":"https:\/\/vinasfm.com\/noticias\/wp-json\/wp\/v2\/categories?post=149553"},{"taxonomy":"post_tag","embeddable":true,"href":"https:\/\/vinasfm.com\/noticias\/wp-json\/wp\/v2\/tags?post=149553"}],"curies":[{"name":"wp","href":"https:\/\/api.w.org\/{rel}","templated":true}]}}