{"id":149511,"date":"2025-06-11T12:14:55","date_gmt":"2025-06-11T15:14:55","guid":{"rendered":"https:\/\/vinasfm.com\/noticias\/?p=149511"},"modified":"2025-06-12T10:01:00","modified_gmt":"2025-06-12T13:01:00","slug":"nueva-jornada-del-equipo-gestacion-en-movimiento-en-el-hospital-enfermeros-argentinos","status":"publish","type":"post","link":"https:\/\/vinasfm.com\/noticias\/nueva-jornada-del-equipo-gestacion-en-movimiento-en-el-hospital-enfermeros-argentinos\/","title":{"rendered":"NUEVA JORNADA DEL EQUIPO \u201cGESTACI\u00d3N EN MOVIMIENTO\u201d EN EL HOSPITAL ENFERMEROS ARGENTINOS"},"content":{"rendered":"<h4><span style=\"color: #003300;\"><strong>Se desarroll\u00f3 una nueva jornada del programa \u201cGestaci\u00f3n en Movimiento\u201d, un dispositivo interdisciplinario del Hospital Enfermeros Argentinos que acompa\u00f1a a personas gestantes durante el embarazo, el parto y el puerperio, con actividades regulares desde noviembre de 2023.<\/strong><\/span><\/h4>\n<p>La<em> profesora de Educaci\u00f3n F\u00edsica<\/em> <span style=\"color: #003366;\"><strong>Mariela Ortego<\/strong><\/span>, integrante del equipo, explic\u00f3 que el espacio est\u00e1 conformado tambi\u00e9n por la <em>Lic. en Psicolog\u00eda<\/em> <span style=\"color: #003366;\"><strong>Gabriela Noguerol<\/strong><\/span>, la <em>Lic. en Obstetricia<\/em> <span style=\"color: #003366;\"><strong>Antonella Komazszuck.<\/strong><\/span><\/p>\n<p><strong><em>\u201cTrabajamos con actividades semanales, como la Fisiodinamia para embarazadas, que se realiza en grupos reducidos, con turnos programados, y encuentros grupales todos los viernes, destinados a personas gestantes a partir de la semana 28 de embarazo\u201d<\/em><\/strong>, detall\u00f3 Ortego.<\/p>\n<p>Adem\u00e1s, se\u00f1al\u00f3 que el equipo atiende tanto a pacientes con obra social como sin cobertura, y que los turnos se solicitan en el sector de Estad\u00edstica, ubicado en el ingreso principal del hospital.<\/p>\n<p>Por su parte, la licenciada Gabriela Noguerol remarc\u00f3 el enfoque integral del programa: <strong><em>\u201cnuestra responsabilidad es acompa\u00f1ar el per\u00edodo perinatal en todas sus etapas: embarazo, parto y posparto. Lo hacemos no solo con las personas gestantes, sino tambi\u00e9n con quienes forman parte de su entorno afectivo, como parejas, familiares o amistades que cumplen un rol de sost\u00e9n\u201d.<\/em><\/strong><\/p>\n<p>Noguerol agreg\u00f3 que las jornadas de los viernes combinan actividades dise\u00f1adas por el equipo con la participaci\u00f3n de otros profesionales del hospital, a fin de brindar informaci\u00f3n completa, contenci\u00f3n emocional y herramientas \u00fatiles para transitar esta etapa.<\/p>\n","protected":false},"excerpt":{"rendered":"<p>Se desarroll\u00f3 una nueva jornada del programa \u201cGestaci\u00f3n en Movimiento\u201d, un dispositivo interdisciplinario del Hospital Enfermeros Argentinos que acompa\u00f1a a personas &#8230;<\/p>\n","protected":false},"author":7,"featured_media":149515,"comment_status":"open","ping_status":"open","sticky":false,"template":"","format":"standard","meta":{"footnotes":""},"categories":[10,15],"tags":[],"class_list":["post-149511","post","type-post","status-publish","format-standard","has-post-thumbnail","hentry","category-destacadas","category-salud"],"_links":{"self":[{"href":"https:\/\/vinasfm.com\/noticias\/wp-json\/wp\/v2\/posts\/149511","targetHints":{"allow":["GET"]}}],"collection":[{"href":"https:\/\/vinasfm.com\/noticias\/wp-json\/wp\/v2\/posts"}],"about":[{"href":"https:\/\/vinasfm.com\/noticias\/wp-json\/wp\/v2\/types\/post"}],"author":[{"embeddable":true,"href":"https:\/\/vinasfm.com\/noticias\/wp-json\/wp\/v2\/users\/7"}],"replies":[{"embeddable":true,"href":"https:\/\/vinasfm.com\/noticias\/wp-json\/wp\/v2\/comments?post=149511"}],"version-history":[{"count":3,"href":"https:\/\/vinasfm.com\/noticias\/wp-json\/wp\/v2\/posts\/149511\/revisions"}],"predecessor-version":[{"id":149516,"href":"https:\/\/vinasfm.com\/noticias\/wp-json\/wp\/v2\/posts\/149511\/revisions\/149516"}],"wp:featuredmedia":[{"embeddable":true,"href":"https:\/\/vinasfm.com\/noticias\/wp-json\/wp\/v2\/media\/149515"}],"wp:attachment":[{"href":"https:\/\/vinasfm.com\/noticias\/wp-json\/wp\/v2\/media?parent=149511"}],"wp:term":[{"taxonomy":"category","embeddable":true,"href":"https:\/\/vinasfm.com\/noticias\/wp-json\/wp\/v2\/categories?post=149511"},{"taxonomy":"post_tag","embeddable":true,"href":"https:\/\/vinasfm.com\/noticias\/wp-json\/wp\/v2\/tags?post=149511"}],"curies":[{"name":"wp","href":"https:\/\/api.w.org\/{rel}","templated":true}]}}