{"id":149476,"date":"2025-06-11T09:11:31","date_gmt":"2025-06-11T12:11:31","guid":{"rendered":"https:\/\/vinasfm.com\/noticias\/?p=149476"},"modified":"2025-06-11T12:16:20","modified_gmt":"2025-06-11T15:16:20","slug":"el-smn-pronostico-un-invierno-seco-y-con-temperaturas-superiores-a-las-normales-que-paso-con-el-nino","status":"publish","type":"post","link":"https:\/\/vinasfm.com\/noticias\/el-smn-pronostico-un-invierno-seco-y-con-temperaturas-superiores-a-las-normales-que-paso-con-el-nino\/","title":{"rendered":"EL SMN PRONOSTIC\u00d3 UN INVIERNO SECO Y CON TEMPERATURAS SUPERIORES A LAS NORMALES: QU\u00c9 PAS\u00d3 CON EL NI\u00d1O"},"content":{"rendered":"<h4><span style=\"color: #003300;\">El invierno comienza el pr\u00f3ximo 20 de junio y los modelos arrojan temperaturas superiores a las normales o normales para Mendoza.<\/span><\/h4>\n<article class=\"article-body first\">\n<div class=\"article-content\">\n<div class=\"cuerpo\" data-twitter-link=\"\">\n<p>Este pr\u00f3ximo 20 de junio cambia la estaci\u00f3n del a\u00f1o y comienza el ciclo m\u00e1s fr\u00edo con el invierno. Luego de un oto\u00f1o m\u00e1s c\u00e1lido del habitual, el<strong>\u00a0Servicio Meteorol\u00f3gico Nacional (SMN)<\/strong>\u00a0dio a conocer un informe sobre las caracter\u00edsticas del invierno y c\u00f3mo ser\u00e1 la incidencia de las bajas temperaturas y precipitaciones. Un fen\u00f3meno que generalmente tiene impacto es\u00a0<strong>El Ni\u00f1o,<\/strong>\u00a0pero se encuentra en un ciclo neutral para los meses de junio, julio y agosto.<\/p>\n<\/div>\n<\/div>\n<\/article>\n<article class=\"article-body\">\n<div class=\"article-content\">\n<div class=\"cuerpo\" data-twitter-link=\"\">\n<p>La <em>comunicadora del SMN<\/em>, <span style=\"color: #003366;\"><strong>Cindy Fern\u00e1ndez<\/strong><\/span>, explic\u00f3 que\u00a0<strong>El Ni\u00f1o est\u00e1 neutral\u00a0<\/strong>y que no est\u00e1 influyendo para que haya mayores precipitaciones o temperaturas m\u00e1s bajas de las esperadas o<strong><em> \u00abcon un impacto m\u00e1s grave\u00bb.<\/em><\/strong><\/p>\n<p><em><strong>\u00abLo que quiere decir que est\u00e9 neutral es que justamente ese fen\u00f3meno,\u00a0El Ni\u00f1o o La Ni\u00f1a no est\u00e1n influyendo. O sea, no tienen ninguna participaci\u00f3n en los pron\u00f3sticos o en c\u00f3mo van a ser las condiciones del tiempo\u00bb<\/strong><\/em>, insisti\u00f3.<\/p>\n<p>Y se explay\u00f3: <strong><em>\u00abEste fen\u00f3meno es importante porque es uno de los que tiene un mayor alcance y que afecta a la mayor cantidad de partes del mundo. Cada vez que se activa El Ni\u00f1o o L Ni\u00f1a, tienen una duraci\u00f3n bastante larga, de varios meses, incluso a\u00f1os. Por ejemplo, la \u00faltima\u00a0Ni\u00f1a\u00a0dur\u00f3 tres a\u00f1os. Entonces, en general, cuando estos fen\u00f3menos se activan, suelen tener impactos graves\u00bb.<\/em><\/strong><\/p>\n<h2>C\u00f3mo ser\u00e1 el invierno 2025<\/h2>\n<p>El<strong>\u00a0Servicio Meteor\u00f3logico Nacional (SMN)\u00a0<\/strong>elabor\u00f3 un informe sobre las precipitaciones, temperaturas para el invierno y Mendoza tendr\u00e1 marcas\u00a0<strong>t\u00e9rmicas normales o superiores a las normales\u00a0<\/strong>y en cuanto a la lluvia y nieve normal o i<strong>nferior a lo normal.<\/strong>\u00a0La tendencia en los \u00faltimos a\u00f1os es que son cada vez son m\u00e1s escasas las nevadas, producto del cambio clim\u00e1tico.<\/p>\n<p>As\u00ed lo indican los mapas:<\/p>\n<p><img decoding=\"async\" src=\"https:\/\/media.diariouno.com.ar\/p\/acd636f0480fe264b018ab1513283920\/adjuntos\/298\/imagenes\/009\/569\/0009569936\/1200x0\/smart\/mapa-precipitacionesjpg.jpg\" \/><\/p>\n<p><img decoding=\"async\" src=\"https:\/\/media.diariouno.com.ar\/p\/9b0b347696e8a1eec8e5c5ef6f2b783d\/adjuntos\/298\/imagenes\/009\/569\/0009569942\/1200x0\/smart\/mapa-temperaturasjpg.jpg\" \/><\/p>\n<p>De acuerdo con el pron\u00f3stico del SMN este viernes ingresar\u00e1 un<strong>\u00a0frente fr\u00edo<\/strong>\u00a0que har\u00e1\u00a0<strong>descender las temperaturas\u00a0<\/strong>m\u00e1ximas desde el viernes.<\/p>\n<p>Las tardes c\u00e1lidas que rondaban en los 20\u00ba, ahora quedar\u00e1n en tan s\u00f3lo 13\u00ba hasta el lunes de la semana entrante.<\/p>\n<\/div>\n<\/div>\n<\/article>\n","protected":false},"excerpt":{"rendered":"<p>El invierno comienza el pr\u00f3ximo 20 de junio y los modelos arrojan temperaturas superiores a las normales o normales para Mendoza. &#8230;<\/p>\n","protected":false},"author":7,"featured_media":149477,"comment_status":"open","ping_status":"open","sticky":false,"template":"","format":"standard","meta":{"footnotes":""},"categories":[17,10],"tags":[],"class_list":["post-149476","post","type-post","status-publish","format-standard","has-post-thumbnail","hentry","category-clima","category-destacadas"],"_links":{"self":[{"href":"https:\/\/vinasfm.com\/noticias\/wp-json\/wp\/v2\/posts\/149476","targetHints":{"allow":["GET"]}}],"collection":[{"href":"https:\/\/vinasfm.com\/noticias\/wp-json\/wp\/v2\/posts"}],"about":[{"href":"https:\/\/vinasfm.com\/noticias\/wp-json\/wp\/v2\/types\/post"}],"author":[{"embeddable":true,"href":"https:\/\/vinasfm.com\/noticias\/wp-json\/wp\/v2\/users\/7"}],"replies":[{"embeddable":true,"href":"https:\/\/vinasfm.com\/noticias\/wp-json\/wp\/v2\/comments?post=149476"}],"version-history":[{"count":1,"href":"https:\/\/vinasfm.com\/noticias\/wp-json\/wp\/v2\/posts\/149476\/revisions"}],"predecessor-version":[{"id":149478,"href":"https:\/\/vinasfm.com\/noticias\/wp-json\/wp\/v2\/posts\/149476\/revisions\/149478"}],"wp:featuredmedia":[{"embeddable":true,"href":"https:\/\/vinasfm.com\/noticias\/wp-json\/wp\/v2\/media\/149477"}],"wp:attachment":[{"href":"https:\/\/vinasfm.com\/noticias\/wp-json\/wp\/v2\/media?parent=149476"}],"wp:term":[{"taxonomy":"category","embeddable":true,"href":"https:\/\/vinasfm.com\/noticias\/wp-json\/wp\/v2\/categories?post=149476"},{"taxonomy":"post_tag","embeddable":true,"href":"https:\/\/vinasfm.com\/noticias\/wp-json\/wp\/v2\/tags?post=149476"}],"curies":[{"name":"wp","href":"https:\/\/api.w.org\/{rel}","templated":true}]}}