{"id":149468,"date":"2025-06-11T09:18:27","date_gmt":"2025-06-11T12:18:27","guid":{"rendered":"https:\/\/vinasfm.com\/noticias\/?p=149468"},"modified":"2025-06-11T12:15:55","modified_gmt":"2025-06-11T15:15:55","slug":"desde-el-area-departamental-de-salud-insisten-en-reforzar-medidas-de-prevencion-ante-el-aumento-de-enfermedades-respiratorias","status":"publish","type":"post","link":"https:\/\/vinasfm.com\/noticias\/desde-el-area-departamental-de-salud-insisten-en-reforzar-medidas-de-prevencion-ante-el-aumento-de-enfermedades-respiratorias\/","title":{"rendered":"DESDE EL \u00c1REA DEPARTAMENTAL DE SALUD INSISTEN EN REFORZAR MEDIDAS DE PREVENCI\u00d3N ANTE EL AUMENTO DE ENFERMEDADES RESPIRATORIAS"},"content":{"rendered":"<h4 data-start=\"219\" data-end=\"576\"><span style=\"color: #003300;\"><strong>El Dr. Marcos Domenech, responsable del \u00c1rea Departamental de Salud, reiter\u00f3 la importancia de seguir las recomendaciones sanitarias para prevenir el avance de enfermedades respiratorias, que han registrado un aumento en las \u00faltimas semanas, particularmente en casos de Gripe A y COVID-19.<\/strong><\/span><\/h4>\n<p data-start=\"578\" data-end=\"853\"><span style=\"color: #000000;\"><strong><em>\u201cEs fundamental insistir con las medidas de prevenci\u00f3n: el lavado frecuente de manos, el uso de alcohol en gel, evitar asistir al trabajo o a los colegios en caso de presentar s\u00edntomas, y utilizar barbijo en lugares de alta concurrencia o centros de salud\u201d<\/em><\/strong>, destac\u00f3 Domenech.<\/span><\/p>\n<p data-start=\"855\" data-end=\"1151\"><span style=\"color: #000000;\">El m\u00e9dico remarc\u00f3 que el uso del barbijo sigue siendo optativo, no obligatorio, pero recomend\u00f3 su utilizaci\u00f3n como medida de cuidado comunitario, especialmente en espacios cerrados. Adem\u00e1s, inst\u00f3 a la poblaci\u00f3n a continuar con la campa\u00f1a de vacunaci\u00f3n contra la gripe, el COVID-19 y el neumococo.<\/span><\/p>\n<p data-start=\"1153\" data-end=\"1454\"><span style=\"color: #000000;\"><em><strong>\u201cLa vacuna antigripal cubre todas las cepas, incluida la H1N1, que tiene alta circulaci\u00f3n actualmente. Tambi\u00e9n se est\u00e1 colocando la vacuna Moderna contra el COVID-19, y hay disponibilidad para todos los grupos de riesgo. A su vez, recordamos que est\u00e1 disponible la vacuna contra el neumococo\u201d<\/strong><\/em>, indic\u00f3.<\/span><\/p>\n<p data-start=\"1456\" data-end=\"1826\"><span style=\"color: #000000;\">Respecto a la administraci\u00f3n de varias vacunas en simult\u00e1neo, el<\/span><span style=\"color: #003366;\"><strong> Dr. Domenech<\/strong> <\/span><span style=\"color: #000000;\">aclar\u00f3 que pueden aplicarse conjuntamente sin inconvenientes.<em><strong> \u201cSon vacunas a virus atenuados, por lo tanto, pueden generar s\u00edntomas leves como fiebre o dolor en el brazo, pero no hay ninguna contraindicaci\u00f3n para colocarlas al mismo tiempo, incluso en distintos brazos para evitar molestias\u201d.<\/strong><\/em><\/span><\/p>\n<p data-start=\"1828\" data-end=\"2008\" data-is-last-node=\"\" data-is-only-node=\"\"><span style=\"color: #000000;\">Las vacunas est\u00e1n disponibles tanto en el vacunatorio central, ubicado en el hospital local, como en todos los centros de salud del departamento.<\/span><\/p>\n","protected":false},"excerpt":{"rendered":"<p>El Dr. Marcos Domenech, responsable del \u00c1rea Departamental de Salud, reiter\u00f3 la importancia de seguir las recomendaciones sanitarias para prevenir el &#8230;<\/p>\n","protected":false},"author":7,"featured_media":149479,"comment_status":"open","ping_status":"open","sticky":false,"template":"","format":"standard","meta":{"footnotes":""},"categories":[78,15],"tags":[],"class_list":["post-149468","post","type-post","status-publish","format-standard","has-post-thumbnail","hentry","category-municipalidad","category-salud"],"_links":{"self":[{"href":"https:\/\/vinasfm.com\/noticias\/wp-json\/wp\/v2\/posts\/149468","targetHints":{"allow":["GET"]}}],"collection":[{"href":"https:\/\/vinasfm.com\/noticias\/wp-json\/wp\/v2\/posts"}],"about":[{"href":"https:\/\/vinasfm.com\/noticias\/wp-json\/wp\/v2\/types\/post"}],"author":[{"embeddable":true,"href":"https:\/\/vinasfm.com\/noticias\/wp-json\/wp\/v2\/users\/7"}],"replies":[{"embeddable":true,"href":"https:\/\/vinasfm.com\/noticias\/wp-json\/wp\/v2\/comments?post=149468"}],"version-history":[{"count":3,"href":"https:\/\/vinasfm.com\/noticias\/wp-json\/wp\/v2\/posts\/149468\/revisions"}],"predecessor-version":[{"id":149489,"href":"https:\/\/vinasfm.com\/noticias\/wp-json\/wp\/v2\/posts\/149468\/revisions\/149489"}],"wp:featuredmedia":[{"embeddable":true,"href":"https:\/\/vinasfm.com\/noticias\/wp-json\/wp\/v2\/media\/149479"}],"wp:attachment":[{"href":"https:\/\/vinasfm.com\/noticias\/wp-json\/wp\/v2\/media?parent=149468"}],"wp:term":[{"taxonomy":"category","embeddable":true,"href":"https:\/\/vinasfm.com\/noticias\/wp-json\/wp\/v2\/categories?post=149468"},{"taxonomy":"post_tag","embeddable":true,"href":"https:\/\/vinasfm.com\/noticias\/wp-json\/wp\/v2\/tags?post=149468"}],"curies":[{"name":"wp","href":"https:\/\/api.w.org\/{rel}","templated":true}]}}