{"id":149452,"date":"2025-06-10T11:27:40","date_gmt":"2025-06-10T14:27:40","guid":{"rendered":"https:\/\/vinasfm.com\/noticias\/?p=149452"},"modified":"2025-06-10T11:27:40","modified_gmt":"2025-06-10T14:27:40","slug":"dia-nacional-de-la-seguridad-vial-se-llevo-a-cabo-una-charla-de-prevencion-en-la-escuela-constancio-c-vigil","status":"publish","type":"post","link":"https:\/\/vinasfm.com\/noticias\/dia-nacional-de-la-seguridad-vial-se-llevo-a-cabo-una-charla-de-prevencion-en-la-escuela-constancio-c-vigil\/","title":{"rendered":"D\u00cdA NACIONAL DE LA SEGURIDAD VIAL: SE LLEV\u00d3 A CABO UNA CHARLA DE PREVENCI\u00d3N EN LA ESCUELA CONSTANCIO C. VIGIL"},"content":{"rendered":"<h4>En la ma\u00f1ana de este martes, el Cuerpo de Preventores Municipal, llev\u00f3 a cabo una charla sobre prevenci\u00f3n vial dirigida a los alumnos de la escuela Constancio C. Vigil, en el marco del \u201cD\u00eda Nacional de la Seguridad Vial\u201d.<\/h4>\n<p><strong><span style=\"color: #993366;\">Hugo M\u00e1rmol<\/span><\/strong>, Preventor Municipal, explic\u00f3: <em><strong>\u201cestamos en una fecha clave porque un d\u00eda como hoy, en 1945, se cambi\u00f3 el sentido de circulaci\u00f3n en Argentina: pasamos de circular por la izquierda, como en el sistema ingl\u00e9s, a circular por la derecha, debido a los m\u00faltiples incidentes viales que se generaban con veh\u00edculos de diferentes or\u00edgenes<\/strong><\/em>\u201d.<\/p>\n<p>La propuesta forma parte de un programa integral de educaci\u00f3n vial que se viene desarrollando en distintos establecimientos educativos del departamento, con el objetivo de fomentar desde edades tempranas una cultura vial responsable. En el caso de los alumnos de cuarto grado, se reforzaron los contenidos del programa curricular con recomendaciones pr\u00e1cticas adaptadas a su entorno y realidad cotidiana.<em><strong> \u201cEn las primarias nos enfocamos en la prevenci\u00f3n vial, para que los chicos lleven estos conocimientos a sus hogares. En las secundarias, ya empezamos a trabajar m\u00e1s fuerte sobre las leyes de tr\u00e1nsito, preparando a los futuros conductores\u201d<\/strong><\/em>, expres\u00f3 <strong><span style=\"color: #993366;\">M\u00e1rmol<\/span><\/strong>.<\/p>\n<p>Durante la jornada se abordaron temas como el uso correcto de la v\u00eda p\u00fablica, la se\u00f1alizaci\u00f3n, el respeto por las normas de tr\u00e1nsito y el rol fundamental que tienen los ni\u00f1os como multiplicadores de h\u00e1bitos seguros en sus hogares. Adem\u00e1s, se brind\u00f3 informaci\u00f3n sobre el uso responsable del n\u00famero de emergencias 911, destacando cu\u00e1ndo y c\u00f3mo recurrir a este servicio. <em><strong>\u201cLes explicamos a los chicos que el 911 es una herramienta de ayuda para emergencias de salud, seguridad o incendios, y que no debe usarse como un juego\u201d<\/strong><\/em>, finaliz\u00f3.<\/p>\n<p>La charla en la Escuela Constancio C. Vigil se suma a las m\u00faltiples acciones que lleva adelante el municipio, destacando la importancia de trabajar de manera sostenida en la prevenci\u00f3n, entendiendo que los ni\u00f1os representan la base para construir una sociedad m\u00e1s consciente y segura en materia vial.<\/p>\n","protected":false},"excerpt":{"rendered":"<p>En la ma\u00f1ana de este martes, el Cuerpo de Preventores Municipal, llev\u00f3 a cabo una charla sobre prevenci\u00f3n vial dirigida a &#8230;<\/p>\n","protected":false},"author":7,"featured_media":149455,"comment_status":"open","ping_status":"open","sticky":false,"template":"","format":"standard","meta":{"footnotes":""},"categories":[1],"tags":[],"class_list":["post-149452","post","type-post","status-publish","format-standard","has-post-thumbnail","hentry","category-fmvinas"],"_links":{"self":[{"href":"https:\/\/vinasfm.com\/noticias\/wp-json\/wp\/v2\/posts\/149452","targetHints":{"allow":["GET"]}}],"collection":[{"href":"https:\/\/vinasfm.com\/noticias\/wp-json\/wp\/v2\/posts"}],"about":[{"href":"https:\/\/vinasfm.com\/noticias\/wp-json\/wp\/v2\/types\/post"}],"author":[{"embeddable":true,"href":"https:\/\/vinasfm.com\/noticias\/wp-json\/wp\/v2\/users\/7"}],"replies":[{"embeddable":true,"href":"https:\/\/vinasfm.com\/noticias\/wp-json\/wp\/v2\/comments?post=149452"}],"version-history":[{"count":1,"href":"https:\/\/vinasfm.com\/noticias\/wp-json\/wp\/v2\/posts\/149452\/revisions"}],"predecessor-version":[{"id":149457,"href":"https:\/\/vinasfm.com\/noticias\/wp-json\/wp\/v2\/posts\/149452\/revisions\/149457"}],"wp:featuredmedia":[{"embeddable":true,"href":"https:\/\/vinasfm.com\/noticias\/wp-json\/wp\/v2\/media\/149455"}],"wp:attachment":[{"href":"https:\/\/vinasfm.com\/noticias\/wp-json\/wp\/v2\/media?parent=149452"}],"wp:term":[{"taxonomy":"category","embeddable":true,"href":"https:\/\/vinasfm.com\/noticias\/wp-json\/wp\/v2\/categories?post=149452"},{"taxonomy":"post_tag","embeddable":true,"href":"https:\/\/vinasfm.com\/noticias\/wp-json\/wp\/v2\/tags?post=149452"}],"curies":[{"name":"wp","href":"https:\/\/api.w.org\/{rel}","templated":true}]}}