{"id":149444,"date":"2025-06-10T10:57:10","date_gmt":"2025-06-10T13:57:10","guid":{"rendered":"https:\/\/vinasfm.com\/noticias\/?p=149444"},"modified":"2025-06-11T10:27:00","modified_gmt":"2025-06-11T13:27:00","slug":"el-rotary-general-alvear-invita-a-una-charla-gratuita-sobre-artritis-artrosis-y-salud-integral","status":"publish","type":"post","link":"https:\/\/vinasfm.com\/noticias\/el-rotary-general-alvear-invita-a-una-charla-gratuita-sobre-artritis-artrosis-y-salud-integral\/","title":{"rendered":"EL ROTARY  GENERAL ALVEAR INVITA A  UNA CHARLA GRATUITA SOBRE ARTRITIS, ARTROSIS Y SALUD INTEGRAL"},"content":{"rendered":"<h4 data-sourcepos=\"3:1-3:455\"><span style=\"color: #003300;\"><strong>La iniciativa, que forma parte de un ciclo de conferencias organizado por la instituci\u00f3n, abordar\u00e1 de manera integral las enfermedades de artritis y artrosis, as\u00ed como aspectos fundamentales de la salud mental y la actividad f\u00edsica.<\/strong><\/span><\/h4>\n<p data-sourcepos=\"5:1-5:479\">En di\u00e1logo con <span style=\"color: #800080;\"><strong>FM VI\u00d1AS<\/strong><\/span>, la <em>presidente de la Comisi\u00f3n del Rotary Anexo General Alvear<\/em>, <span style=\"color: #003366;\"><strong>Hebe Katzer<\/strong><\/span>, extendi\u00f3 la invitaci\u00f3n y brind\u00f3 detalles del evento. <em><strong>\u00abSeguimos con el ciclo de charlas que venimos organizando, y en esta ocasi\u00f3n, vamos a contar con un equipo de profesionales de primer nivel para abordar la artritis y la artrosis, dos enfermedades que, aunque emparentadas por afectar las articulaciones, tienen diferencias cruciales que es importante conocer\u00bb<\/strong><\/em>, explic\u00f3 Katzer.<\/p>\n<p data-sourcepos=\"7:1-7:807\">La charla contar\u00e1 con la participaci\u00f3n de la <span style=\"color: #003366;\"><strong>Dra. Sabrina Veiga<\/strong><\/span>, especialista en reumatolog\u00eda de San Rafael, quien ya brind\u00f3 una exitosa conferencia sobre Osteoporosis. A ella se sumar\u00e1 la<em> Lic. en Nutrici\u00f3n de General Alvear<\/em>,<span style=\"color: #003366;\"> <strong>Vanesa Marnetti<\/strong><\/span>, quien ofrecer\u00e1 <em>\u00abtips\u00bb<\/em> esenciales para el manejo de estas enfermedades a trav\u00e9s de la alimentaci\u00f3n. La perspectiva de la salud mental ser\u00e1 aportada por la <em>Lic. en Psicolog\u00eda<\/em> <span style=\"color: #003366;\"><strong>M\u00f3nica Figueroa<\/strong><\/span>, quien trabaja en la<strong> Direcci\u00f3n de Familia<\/strong> y abordar\u00e1 la importancia del bienestar emocional en el manejo de estas afecciones. Finalmente, la propia <span style=\"color: #003366;\"><strong>Hebe Katzer<span style=\"color: #000000;\">,<\/span><\/strong><span style=\"color: #000000;\">\u00a0<em>profesora de Educaci\u00f3n F\u00edsica, <\/em><\/span><\/span>compartir\u00e1 recomendaciones sobre la actividad f\u00edsica adecuada para personas con artritis y artrosis, desterrando mitos y promoviendo el movimiento como parte fundamental del tratamiento.<\/p>\n<div id=\"attachment_149445\" style=\"width: 500px\" class=\"wp-caption aligncenter\"><a href=\"https:\/\/vinasfm.com\/noticias\/wp-content\/uploads\/2025\/06\/Imagen-de-WhatsApp-2025-06-10-a-las-10.24.52_7cbc7c30.jpg\"><img loading=\"lazy\" decoding=\"async\" aria-describedby=\"caption-attachment-149445\" class=\"wp-image-149445\" src=\"https:\/\/vinasfm.com\/noticias\/wp-content\/uploads\/2025\/06\/Imagen-de-WhatsApp-2025-06-10-a-las-10.24.52_7cbc7c30-819x1024.jpg\" alt=\"\" width=\"500\" height=\"625\" \/><\/a><p id=\"caption-attachment-149445\" class=\"wp-caption-text\">Ciclo de charlas Salud Integral.<\/p><\/div>\n<p data-sourcepos=\"9:1-9:525\"><strong>\u00abEs una manera de trabajar de forma integral la salud\u00bb<\/strong>, enfatiz\u00f3 Katzer, destacando que el objetivo es brindar informaci\u00f3n actualizada y \u00fatil para que las personas, especialmente mujeres mayores de 40 o 50 a\u00f1os, que son las m\u00e1s afectadas por estas enfermedades, puedan retardar sus efectos o incluso prevenirlas. <em><strong>\u00abAntes se recomendaba reposo, ahora el movimiento es clave. Hay muchos mitos que se transmiten de generaci\u00f3n en generaci\u00f3n y es bueno informarse sobre lo m\u00e1s moderno en el abordaje de estas enfermedades\u00bb<\/strong><\/em>, agreg\u00f3.<\/p>\n<p data-sourcepos=\"11:1-11:405\">La charla no requiere inscripci\u00f3n previa y es completamente gratuita. Sin embargo, el Rotary Anexo General Alvear solicita a los asistentes que, de manera voluntaria, <strong>colaboren con la donaci\u00f3n de rollos de papel higi\u00e9nico, rollos de servilleta o cajas de leche<\/strong>. Estos insumos<strong> ser\u00e1n destinados a jardines maternales y escuelas del departamento<\/strong>, que siempre enfrentan la necesidad de este tipo de productos.<\/p>\n<p data-sourcepos=\"13:1-13:448\">Hebe Katzer explic\u00f3 que la elecci\u00f3n de estos temas surge de una demanda de la comunidad y la tendencia actual de informar sobre aspectos de salud relevantes, especialmente para las mujeres despu\u00e9s de la menopausia.<em><strong> \u00abNuestra primera charla sobre Osteoporosis fue muy exitosa, y es importante seguir brindando acceso a informaci\u00f3n valiosa sobre nutrici\u00f3n, ejercicio y cuidado personal para que la gente est\u00e9 informada y sepa c\u00f3mo cuidarse\u00bb<\/strong><\/em>, concluy\u00f3.<\/p>\n<h6 data-sourcepos=\"13:1-13:448\">G. Vallejos.<\/h6>\n","protected":false},"excerpt":{"rendered":"<p>La iniciativa, que forma parte de un ciclo de conferencias organizado por la instituci\u00f3n, abordar\u00e1 de manera integral las enfermedades de &#8230;<\/p>\n","protected":false},"author":7,"featured_media":149445,"comment_status":"open","ping_status":"open","sticky":false,"template":"","format":"standard","meta":{"footnotes":""},"categories":[209,11],"tags":[],"class_list":["post-149444","post","type-post","status-publish","format-standard","has-post-thumbnail","hentry","category-rotary-club","category-sociales"],"_links":{"self":[{"href":"https:\/\/vinasfm.com\/noticias\/wp-json\/wp\/v2\/posts\/149444","targetHints":{"allow":["GET"]}}],"collection":[{"href":"https:\/\/vinasfm.com\/noticias\/wp-json\/wp\/v2\/posts"}],"about":[{"href":"https:\/\/vinasfm.com\/noticias\/wp-json\/wp\/v2\/types\/post"}],"author":[{"embeddable":true,"href":"https:\/\/vinasfm.com\/noticias\/wp-json\/wp\/v2\/users\/7"}],"replies":[{"embeddable":true,"href":"https:\/\/vinasfm.com\/noticias\/wp-json\/wp\/v2\/comments?post=149444"}],"version-history":[{"count":2,"href":"https:\/\/vinasfm.com\/noticias\/wp-json\/wp\/v2\/posts\/149444\/revisions"}],"predecessor-version":[{"id":149447,"href":"https:\/\/vinasfm.com\/noticias\/wp-json\/wp\/v2\/posts\/149444\/revisions\/149447"}],"wp:featuredmedia":[{"embeddable":true,"href":"https:\/\/vinasfm.com\/noticias\/wp-json\/wp\/v2\/media\/149445"}],"wp:attachment":[{"href":"https:\/\/vinasfm.com\/noticias\/wp-json\/wp\/v2\/media?parent=149444"}],"wp:term":[{"taxonomy":"category","embeddable":true,"href":"https:\/\/vinasfm.com\/noticias\/wp-json\/wp\/v2\/categories?post=149444"},{"taxonomy":"post_tag","embeddable":true,"href":"https:\/\/vinasfm.com\/noticias\/wp-json\/wp\/v2\/tags?post=149444"}],"curies":[{"name":"wp","href":"https:\/\/api.w.org\/{rel}","templated":true}]}}