{"id":149362,"date":"2025-06-07T16:59:16","date_gmt":"2025-06-07T19:59:16","guid":{"rendered":"https:\/\/vinasfm.com\/noticias\/?p=149362"},"modified":"2025-06-09T10:21:32","modified_gmt":"2025-06-09T13:21:32","slug":"homenaje-a-edgardo-pesce-en-el-dia-del-periodista-un-reconocimiento-a-la-trayectoria-y-la-vocacion","status":"publish","type":"post","link":"https:\/\/vinasfm.com\/noticias\/homenaje-a-edgardo-pesce-en-el-dia-del-periodista-un-reconocimiento-a-la-trayectoria-y-la-vocacion\/","title":{"rendered":"HOMENAJE A EDGARDO PESCE EN EL D\u00cdA DEL PERIODISTA: UN RECONOCIMIENTO A LA TRAYECTORIA Y LA VOCACI\u00d3N"},"content":{"rendered":"<h4><span style=\"color: #003300;\">En el marco del D\u00eda del Periodista, se llev\u00f3 a cabo un emotivo acto en el parque Pueblo Luna de Alvear Oeste, donde se rindi\u00f3 homenaje a Edgardo Pesce, una figura emblem\u00e1tica del periodismo en General Alvear. Pesce, fallecido el a\u00f1o pasado, dej\u00f3 una marca en los medios locales por su compromiso con la verdad, la calidad de su trabajo y su rol como formador de nuevas generaciones de comunicadores.<\/span><\/h4>\n<p>El encuentro reuni\u00f3 a periodistas y funcionarios, encabezados por el <span style=\"color: #003366;\"><strong>Intendente Alejandro Molero<\/strong><\/span>. En representaci\u00f3n del Municipio, el<em> director de Comunicaci\u00f3n<\/em>, <span style=\"color: #003366;\"><strong>Diego Musa<\/strong><\/span>, destac\u00f3 la relevancia de la labor period\u00edstica y el valor del homenaje: <strong><em>\u201ces un placer estar ac\u00e1. Uno se pone nervioso al hablar frente a tantos periodistas, que son el nexo entre lo que hacemos d\u00eda a d\u00eda y el pueblo. Es un d\u00eda muy especial para todos los que trabajamos en esto. Adem\u00e1s, quisimos recordar a Edgardo, con quien compart\u00ed momentos muy significativos. El a\u00f1o pasado, al finalizar este mismo acto, nos quedamos charlando sobre este parque, sobre c\u00f3mo mejorarlo y hacerlo m\u00e1s visible. Hoy, al llegar, me impact\u00f3 revivir esa imagen. Pesce fue alguien que sab\u00eda todo y te facilitaba el trabajo, pero tambi\u00e9n exig\u00eda lo mejor\u201d.<\/em><\/strong><\/p>\n<p>Otro de los momentos destacados del acto fue la presencia y el testimonio de <span style=\"color: #003366;\"><strong>Adolfo S\u00e1nchez<\/strong><\/span>, <em>referente indiscutido del periodismo alvearense, con m\u00e1s de seis d\u00e9cadas de trayectoria<\/em>. S\u00e1nchez repas\u00f3 su carrera, que comenz\u00f3 en los a\u00f1os 50 con una red de parlantes callejeros y atraves\u00f3 todos los medios: radio, gr\u00e1fica y televisi\u00f3n.<\/p>\n<div id=\"attachment_149368\" style=\"width: 600px\" class=\"wp-caption aligncenter\"><a href=\"https:\/\/vinasfm.com\/noticias\/wp-content\/uploads\/2025\/06\/Imagen-de-WhatsApp-2025-06-09-a-las-08.51.01_fa771c53.jpg\"><img loading=\"lazy\" decoding=\"async\" aria-describedby=\"caption-attachment-149368\" class=\"wp-image-149368\" src=\"https:\/\/vinasfm.com\/noticias\/wp-content\/uploads\/2025\/06\/Imagen-de-WhatsApp-2025-06-09-a-las-08.51.01_fa771c53-1024x684.jpg\" alt=\"\" width=\"600\" height=\"401\" srcset=\"https:\/\/vinasfm.com\/noticias\/wp-content\/uploads\/2025\/06\/Imagen-de-WhatsApp-2025-06-09-a-las-08.51.01_fa771c53-1024x684.jpg 1024w, https:\/\/vinasfm.com\/noticias\/wp-content\/uploads\/2025\/06\/Imagen-de-WhatsApp-2025-06-09-a-las-08.51.01_fa771c53-300x200.jpg 300w, https:\/\/vinasfm.com\/noticias\/wp-content\/uploads\/2025\/06\/Imagen-de-WhatsApp-2025-06-09-a-las-08.51.01_fa771c53-768x513.jpg 768w, https:\/\/vinasfm.com\/noticias\/wp-content\/uploads\/2025\/06\/Imagen-de-WhatsApp-2025-06-09-a-las-08.51.01_fa771c53-1536x1025.jpg 1536w, https:\/\/vinasfm.com\/noticias\/wp-content\/uploads\/2025\/06\/Imagen-de-WhatsApp-2025-06-09-a-las-08.51.01_fa771c53.jpg 1600w\" sizes=\"auto, (max-width: 600px) 100vw, 600px\" \/><\/a><p id=\"caption-attachment-149368\" class=\"wp-caption-text\">7 de junio, D\u00eda del Periodista<\/p><\/div>\n<p><em><strong>\u201cPas\u00e9 por todos los medios. Estuve en la vieja difusora, en LV4 en San Rafael, fund\u00e9 LV23 y trabaj\u00e9 en el diario Mendoza, que intent\u00f3 competir con Los Andes. Desde 1985, estoy en TVCOA. A lo largo del tiempo, he vivido todas las transformaciones tecnol\u00f3gicas, desde la improvisaci\u00f3n de antes hasta la inmediatez de hoy con las redes e internet\u201d<\/strong><\/em>, se\u00f1al\u00f3.<\/p>\n<p>S\u00e1nchez tambi\u00e9n destac\u00f3 la formaci\u00f3n autodidacta de muchos comunicadores de la regi\u00f3n: <em><strong>\u201cla mayor\u00eda nos hicimos en la universidad de la calle. Algunos pudieron estudiar, pero la mayor\u00eda fuimos aprendiendo haciendo, con vocaci\u00f3n y honestidad. Edgardo Pesce tambi\u00e9n se form\u00f3 en ese camino, y verlo hoy homenajeado es un orgullo para quienes compartimos ese recorrido\u201d.<\/strong><\/em><\/p>\n<p>El acto no solo fue una celebraci\u00f3n del presente, sino tambi\u00e9n una oportunidad para reflexionar sobre el oficio, el legado y el compromiso de quienes hacen del periodismo una herramienta de servicio p\u00fablico. En palabras y gestos, General Alvear reafirm\u00f3 su respeto por quienes informan, investigan y narran el pulso cotidiano del departamento.<\/p>\n","protected":false},"excerpt":{"rendered":"<p>En el marco del D\u00eda del Periodista, se llev\u00f3 a cabo un emotivo acto en el parque Pueblo Luna de Alvear &#8230;<\/p>\n","protected":false},"author":7,"featured_media":149367,"comment_status":"open","ping_status":"open","sticky":false,"template":"","format":"standard","meta":{"footnotes":""},"categories":[10,78],"tags":[],"class_list":["post-149362","post","type-post","status-publish","format-standard","has-post-thumbnail","hentry","category-destacadas","category-municipalidad"],"_links":{"self":[{"href":"https:\/\/vinasfm.com\/noticias\/wp-json\/wp\/v2\/posts\/149362","targetHints":{"allow":["GET"]}}],"collection":[{"href":"https:\/\/vinasfm.com\/noticias\/wp-json\/wp\/v2\/posts"}],"about":[{"href":"https:\/\/vinasfm.com\/noticias\/wp-json\/wp\/v2\/types\/post"}],"author":[{"embeddable":true,"href":"https:\/\/vinasfm.com\/noticias\/wp-json\/wp\/v2\/users\/7"}],"replies":[{"embeddable":true,"href":"https:\/\/vinasfm.com\/noticias\/wp-json\/wp\/v2\/comments?post=149362"}],"version-history":[{"count":2,"href":"https:\/\/vinasfm.com\/noticias\/wp-json\/wp\/v2\/posts\/149362\/revisions"}],"predecessor-version":[{"id":149369,"href":"https:\/\/vinasfm.com\/noticias\/wp-json\/wp\/v2\/posts\/149362\/revisions\/149369"}],"wp:featuredmedia":[{"embeddable":true,"href":"https:\/\/vinasfm.com\/noticias\/wp-json\/wp\/v2\/media\/149367"}],"wp:attachment":[{"href":"https:\/\/vinasfm.com\/noticias\/wp-json\/wp\/v2\/media?parent=149362"}],"wp:term":[{"taxonomy":"category","embeddable":true,"href":"https:\/\/vinasfm.com\/noticias\/wp-json\/wp\/v2\/categories?post=149362"},{"taxonomy":"post_tag","embeddable":true,"href":"https:\/\/vinasfm.com\/noticias\/wp-json\/wp\/v2\/tags?post=149362"}],"curies":[{"name":"wp","href":"https:\/\/api.w.org\/{rel}","templated":true}]}}