{"id":149350,"date":"2025-06-09T08:23:33","date_gmt":"2025-06-09T11:23:33","guid":{"rendered":"https:\/\/vinasfm.com\/noticias\/?p=149350"},"modified":"2025-06-09T08:23:33","modified_gmt":"2025-06-09T11:23:33","slug":"finalizo-el-curso-de-primeros-auxilios-en-areas-remotas-para-guardaparques-de-las-zonas-centro-y-sur","status":"publish","type":"post","link":"https:\/\/vinasfm.com\/noticias\/finalizo-el-curso-de-primeros-auxilios-en-areas-remotas-para-guardaparques-de-las-zonas-centro-y-sur\/","title":{"rendered":"FINALIZ\u00d3 EL CURSO DE PRIMEROS AUXILIOS EN \u00c1REAS REMOTAS PARA GUARDAPARQUES DE LAS ZONAS CENTRO Y SUR"},"content":{"rendered":"<h4><strong><span style=\"color: #003300;\">La capacitaci\u00f3n, dictada en el marco de la Semana Mundial del Ambiente, refuerza el compromiso con la seguridad en las \u00c1reas Naturales Protegidas y la inclusi\u00f3n en el turismo de naturaleza.<\/span><\/strong><\/h4>\n<p>En el marco de la <strong>Semana Mundial del Ambiente<\/strong>, la <strong>Direcci\u00f3n de \u00c1reas Protegidas del Gobierno de Mendoza<\/strong> dio por finalizado el ciclo de capacitaci\u00f3n en primeros auxilios en \u00e1reas remotas, destinado al cuerpo de guardaparques de las zonas <strong>Centro y Sur de la Red de \u00c1reas Naturales Protegidas.<\/strong> La formaci\u00f3n fue dictada por el <span style=\"color: #003366;\"><strong>instructor Jorge Agust\u00edn Rudy<\/strong><\/span>, <em>de RyR Primeros Socorros<\/em>, con un enfoque pr\u00e1ctico y adaptado a las condiciones extremas que enfrenta el personal en el territorio.<\/p>\n<p>Los y las guardaparques que participaron prestan servicio en la <strong>Reserva Natural y Cultural Manzano Hist\u00f3rico, Laguna del Diamante, Payunia, Caverna y Llancanelo<\/strong>. Durante el curso, adquirieron herramientas clave para la detecci\u00f3n temprana y el tratamiento de lesiones y enfermedades, as\u00ed como habilidades para brindar cuidados prehospitalarios en entornos hostiles.<\/p>\n<p>La capacitaci\u00f3n incluy\u00f3 simulacros diurnos y nocturnos, en los que se puso a prueba la capacidad de respuesta ante emergencias reales. <strong>Estas instancias de pr\u00e1ctica fortalecieron tanto la preparaci\u00f3n individual como el trabajo en equipo, contribuyendo a generar entornos m\u00e1s seguros para visitantes y trabajadores de las \u00e1reas protegidas.<\/strong><\/p>\n<div style=\"width: 529px\" class=\"wp-caption aligncenter\"><img loading=\"lazy\" decoding=\"async\" src=\"https:\/\/www.mendoza.gov.ar\/wp-content\/uploads\/sites\/5\/2025\/06\/WhatsApp-Image-2025-06-06-at-09.31.49-700x930.jpeg\" alt=\"\" width=\"529\" height=\"703\" \/><p class=\"wp-caption-text\">Curso de primeros auxilios en \u00e1reas remotas para guardaparques de las zonas Centro y Sur<\/p><\/div>\n<p>En este sentido, <em>el director de \u00c1reas Protegidas<\/em>, <span style=\"color: #003366;\"><strong>Iv\u00e1n Funes Pinter<\/strong><\/span>, destac\u00f3:<br \/>\n<strong><em>\u201cLa profesionalizaci\u00f3n continua de nuestro cuerpo de guardaparques es fundamental para garantizar la seguridad en la Red de \u00c1reas Naturales Protegidas. Esta capacitaci\u00f3n cobra a\u00fan m\u00e1s relevancia considerando la pol\u00edtica de inclusi\u00f3n de personas con discapacidad en actividades de turismo de naturaleza, impulsada por el ministerio. Contar con equipos capacitados para actuar con rapidez y eficacia ante cualquier contingencia es una prioridad\u201d.<\/em><\/strong><\/p>\n<p>Con esta formaci\u00f3n, la <strong>Direcci\u00f3n de \u00c1reas Protegidas<\/strong> reafirma su compromiso con la gesti\u00f3n integral de los territorios conservados, priorizando tanto la protecci\u00f3n del ambiente como el bienestar de quienes lo recorren y custodian.<\/p>\n","protected":false},"excerpt":{"rendered":"<p>La capacitaci\u00f3n, dictada en el marco de la Semana Mundial del Ambiente, refuerza el compromiso con la seguridad en las \u00c1reas &#8230;<\/p>\n","protected":false},"author":7,"featured_media":149351,"comment_status":"open","ping_status":"open","sticky":false,"template":"","format":"standard","meta":{"footnotes":""},"categories":[1],"tags":[],"class_list":["post-149350","post","type-post","status-publish","format-standard","has-post-thumbnail","hentry","category-fmvinas"],"_links":{"self":[{"href":"https:\/\/vinasfm.com\/noticias\/wp-json\/wp\/v2\/posts\/149350","targetHints":{"allow":["GET"]}}],"collection":[{"href":"https:\/\/vinasfm.com\/noticias\/wp-json\/wp\/v2\/posts"}],"about":[{"href":"https:\/\/vinasfm.com\/noticias\/wp-json\/wp\/v2\/types\/post"}],"author":[{"embeddable":true,"href":"https:\/\/vinasfm.com\/noticias\/wp-json\/wp\/v2\/users\/7"}],"replies":[{"embeddable":true,"href":"https:\/\/vinasfm.com\/noticias\/wp-json\/wp\/v2\/comments?post=149350"}],"version-history":[{"count":1,"href":"https:\/\/vinasfm.com\/noticias\/wp-json\/wp\/v2\/posts\/149350\/revisions"}],"predecessor-version":[{"id":149352,"href":"https:\/\/vinasfm.com\/noticias\/wp-json\/wp\/v2\/posts\/149350\/revisions\/149352"}],"wp:featuredmedia":[{"embeddable":true,"href":"https:\/\/vinasfm.com\/noticias\/wp-json\/wp\/v2\/media\/149351"}],"wp:attachment":[{"href":"https:\/\/vinasfm.com\/noticias\/wp-json\/wp\/v2\/media?parent=149350"}],"wp:term":[{"taxonomy":"category","embeddable":true,"href":"https:\/\/vinasfm.com\/noticias\/wp-json\/wp\/v2\/categories?post=149350"},{"taxonomy":"post_tag","embeddable":true,"href":"https:\/\/vinasfm.com\/noticias\/wp-json\/wp\/v2\/tags?post=149350"}],"curies":[{"name":"wp","href":"https:\/\/api.w.org\/{rel}","templated":true}]}}