{"id":149347,"date":"2025-06-09T08:20:17","date_gmt":"2025-06-09T11:20:17","guid":{"rendered":"https:\/\/vinasfm.com\/noticias\/?p=149347"},"modified":"2025-06-09T10:20:17","modified_gmt":"2025-06-09T13:20:17","slug":"atencion-confirmaron-cuando-cobraran-el-aguinaldo-los-empleados-publicos","status":"publish","type":"post","link":"https:\/\/vinasfm.com\/noticias\/atencion-confirmaron-cuando-cobraran-el-aguinaldo-los-empleados-publicos\/","title":{"rendered":"ATENCI\u00d3N: CONFIRMARON CU\u00c1NDO COBRAR\u00c1N EL AGUINALDO LOS EMPLEADOS P\u00daBLICOS"},"content":{"rendered":"<h4><span style=\"color: #003300;\"><strong>El Ejecutivo dio a conocer la fecha de pago este lunes.<\/strong><\/span><\/h4>\n<p>El Gobierno provincial confirm\u00f3 este lunes una de las noticias m\u00e1s esperadas por los empleados estatales: en los pr\u00f3ximos d\u00edas tendr\u00e1n depositado el\u00a0<strong>aguinaldo<\/strong>.<\/p>\n<p>La noticia fue confirmada en X, a trav\u00e9s de la cuenta oficial Mendoza Gobierno. Precisamente, ser\u00e1 el\u00a0<strong>viernes 13 de junio<\/strong>\u00a0el d\u00eda en el que los trabajadores de la administraci\u00f3n p\u00fablica recibir\u00e1n el dinero en sus cuentas.<\/p>\n<p><a href=\"https:\/\/vinasfm.com\/noticias\/wp-content\/uploads\/2025\/06\/Gs_r6K2WQAAtYmt.jpeg\"><img loading=\"lazy\" decoding=\"async\" class=\"wp-image-149348 aligncenter\" src=\"https:\/\/vinasfm.com\/noticias\/wp-content\/uploads\/2025\/06\/Gs_r6K2WQAAtYmt-819x1024.jpeg\" alt=\"\" width=\"600\" height=\"750\" \/><\/a><\/p>\n<p>Se trata del\u00a0<strong>aguinaldo<\/strong>\u00a0correspondiente a la primera mitad del a\u00f1o, mientras que el segundo medio aguinaldo se cobrar\u00e1 en diciembre.<\/p>\n","protected":false},"excerpt":{"rendered":"<p>El Ejecutivo dio a conocer la fecha de pago este lunes. El Gobierno provincial confirm\u00f3 este lunes una de las noticias &#8230;<\/p>\n","protected":false},"author":7,"featured_media":149348,"comment_status":"open","ping_status":"open","sticky":false,"template":"","format":"standard","meta":{"footnotes":""},"categories":[5,10],"tags":[],"class_list":["post-149347","post","type-post","status-publish","format-standard","has-post-thumbnail","hentry","category-actualidad","category-destacadas"],"_links":{"self":[{"href":"https:\/\/vinasfm.com\/noticias\/wp-json\/wp\/v2\/posts\/149347","targetHints":{"allow":["GET"]}}],"collection":[{"href":"https:\/\/vinasfm.com\/noticias\/wp-json\/wp\/v2\/posts"}],"about":[{"href":"https:\/\/vinasfm.com\/noticias\/wp-json\/wp\/v2\/types\/post"}],"author":[{"embeddable":true,"href":"https:\/\/vinasfm.com\/noticias\/wp-json\/wp\/v2\/users\/7"}],"replies":[{"embeddable":true,"href":"https:\/\/vinasfm.com\/noticias\/wp-json\/wp\/v2\/comments?post=149347"}],"version-history":[{"count":1,"href":"https:\/\/vinasfm.com\/noticias\/wp-json\/wp\/v2\/posts\/149347\/revisions"}],"predecessor-version":[{"id":149349,"href":"https:\/\/vinasfm.com\/noticias\/wp-json\/wp\/v2\/posts\/149347\/revisions\/149349"}],"wp:featuredmedia":[{"embeddable":true,"href":"https:\/\/vinasfm.com\/noticias\/wp-json\/wp\/v2\/media\/149348"}],"wp:attachment":[{"href":"https:\/\/vinasfm.com\/noticias\/wp-json\/wp\/v2\/media?parent=149347"}],"wp:term":[{"taxonomy":"category","embeddable":true,"href":"https:\/\/vinasfm.com\/noticias\/wp-json\/wp\/v2\/categories?post=149347"},{"taxonomy":"post_tag","embeddable":true,"href":"https:\/\/vinasfm.com\/noticias\/wp-json\/wp\/v2\/tags?post=149347"}],"curies":[{"name":"wp","href":"https:\/\/api.w.org\/{rel}","templated":true}]}}