{"id":149344,"date":"2025-06-08T14:40:10","date_gmt":"2025-06-08T17:40:10","guid":{"rendered":"https:\/\/vinasfm.com\/noticias\/?p=149344"},"modified":"2025-06-09T10:20:36","modified_gmt":"2025-06-09T13:20:36","slug":"un-incendio-causo-grandes-danos-en-una-vivienda","status":"publish","type":"post","link":"https:\/\/vinasfm.com\/noticias\/un-incendio-causo-grandes-danos-en-una-vivienda\/","title":{"rendered":"UN INCENDIO CAUS\u00d3 GRANDES DA\u00d1OS EN UNA VIVIENDA"},"content":{"rendered":"<h4><span style=\"color: #003300;\"><strong>Un incendio de grandes proporciones arras\u00f3 por completo una vivienda en la Callej\u00f3n Ortega, entre 4 \u00bd y 5 \u00bd, en la tarde del s\u00e1bado. Afortunadamente, no hubo que lamentar heridos, aunque la propietaria sufri\u00f3 una crisis nerviosa a ra\u00edz de la p\u00e9rdida total de sus pertenencias.<\/strong><\/span><\/h4>\n<p>El siniestro se desat\u00f3 alrededor de las 17:14 horas. <strong>El fuego consumi\u00f3 r\u00e1pidamente electrodom\u00e9sticos, mobiliario, ropa, utensilios y la totalidad de un techo de machimbre de 9 x 4 metros.<\/strong><\/p>\n<p>Seg\u00fan informaron fuentes de la Comisar\u00eda 14\u00b0 de General Alvear, <strong>el hecho se dio a conocer tras un llamado de emergencia al 911 alertando sobre el incendio.<\/strong> La propietaria de la vivienda, identificada como R. J., una mujer mayor, manifest\u00f3 que se hab\u00eda ausentado de su hogar cerca de las 15:00 horas y fue su hermana quien le dio la tr\u00e1gica noticia del incendio.<\/p>\n<p><strong>Los bomberos trabajaron arduamente en el lugar y lograron extinguir las llamas, aunque el da\u00f1o material en la vivienda fue total. A pesar de la impactante situaci\u00f3n, la propietaria fue asistida en el lugar por una crisis nerviosa y no requiri\u00f3 traslado a un centro m\u00e9dico.<\/strong><\/p>\n","protected":false},"excerpt":{"rendered":"<p>Un incendio de grandes proporciones arras\u00f3 por completo una vivienda en la Callej\u00f3n Ortega, entre 4 \u00bd y 5 \u00bd, en &#8230;<\/p>\n","protected":false},"author":7,"featured_media":149345,"comment_status":"open","ping_status":"open","sticky":false,"template":"","format":"standard","meta":{"footnotes":""},"categories":[5,4],"tags":[],"class_list":["post-149344","post","type-post","status-publish","format-standard","has-post-thumbnail","hentry","category-actualidad","category-policiales"],"_links":{"self":[{"href":"https:\/\/vinasfm.com\/noticias\/wp-json\/wp\/v2\/posts\/149344","targetHints":{"allow":["GET"]}}],"collection":[{"href":"https:\/\/vinasfm.com\/noticias\/wp-json\/wp\/v2\/posts"}],"about":[{"href":"https:\/\/vinasfm.com\/noticias\/wp-json\/wp\/v2\/types\/post"}],"author":[{"embeddable":true,"href":"https:\/\/vinasfm.com\/noticias\/wp-json\/wp\/v2\/users\/7"}],"replies":[{"embeddable":true,"href":"https:\/\/vinasfm.com\/noticias\/wp-json\/wp\/v2\/comments?post=149344"}],"version-history":[{"count":1,"href":"https:\/\/vinasfm.com\/noticias\/wp-json\/wp\/v2\/posts\/149344\/revisions"}],"predecessor-version":[{"id":149346,"href":"https:\/\/vinasfm.com\/noticias\/wp-json\/wp\/v2\/posts\/149344\/revisions\/149346"}],"wp:featuredmedia":[{"embeddable":true,"href":"https:\/\/vinasfm.com\/noticias\/wp-json\/wp\/v2\/media\/149345"}],"wp:attachment":[{"href":"https:\/\/vinasfm.com\/noticias\/wp-json\/wp\/v2\/media?parent=149344"}],"wp:term":[{"taxonomy":"category","embeddable":true,"href":"https:\/\/vinasfm.com\/noticias\/wp-json\/wp\/v2\/categories?post=149344"},{"taxonomy":"post_tag","embeddable":true,"href":"https:\/\/vinasfm.com\/noticias\/wp-json\/wp\/v2\/tags?post=149344"}],"curies":[{"name":"wp","href":"https:\/\/api.w.org\/{rel}","templated":true}]}}