{"id":149341,"date":"2025-06-08T13:30:40","date_gmt":"2025-06-08T16:30:40","guid":{"rendered":"https:\/\/vinasfm.com\/noticias\/?p=149341"},"modified":"2025-06-09T10:22:03","modified_gmt":"2025-06-09T13:22:03","slug":"controles-de-transito-en-general-alvear-dos-casos-positivos-de-alcoholemia","status":"publish","type":"post","link":"https:\/\/vinasfm.com\/noticias\/controles-de-transito-en-general-alvear-dos-casos-positivos-de-alcoholemia\/","title":{"rendered":"CONTROLES DE TR\u00c1NSITO EN GENERAL ALVEAR: DOS CASOS POSITIVOS DE ALCOHOLEMIA"},"content":{"rendered":"<h4><span style=\"color: #003300;\"><strong>Durante la madrugada del domingo se llevaron a cabo operativos de control de tr\u00e1nsito en diversos puntos del departamento de General Alvear, en un trabajo coordinado entre el Cuerpo de Preventores de la Municipalidad, efectivos de la Polic\u00eda de Mendoza y auxiliares del Instituto Universitario de Seguridad P\u00fablica (IUSP).<\/strong><\/span><\/h4>\n<p>En total, fueron controlados 28 autom\u00f3viles particulares, 6 motocicletas y 3 veh\u00edculos de transporte p\u00fablico (taxis o remises). <strong>Adem\u00e1s, se realizaron 11 controles de alcoholemia, de los cuales dos arrojaron resultados positivos, con niveles de 0,96 y 0,76 gramos por litro de alcohol en sangre, respectivamente.<\/strong><\/p>\n<p>Desde el municipio informaron que estos operativos continuar\u00e1n en distintos sectores del departamento con el objetivo de prevenir siniestros viales y reforzar las condiciones de seguridad para conductores y peatones.<\/p>\n<p>Los procedimientos forman parte de una estrategia sostenida de control y prevenci\u00f3n que <strong>busca desalentar el consumo de alcohol al volante y garantizar el cumplimiento de las normativas de tr\u00e1nsito vigentes.<\/strong><\/p>\n","protected":false},"excerpt":{"rendered":"<p>Durante la madrugada del domingo se llevaron a cabo operativos de control de tr\u00e1nsito en diversos puntos del departamento de General &#8230;<\/p>\n","protected":false},"author":7,"featured_media":149342,"comment_status":"open","ping_status":"open","sticky":false,"template":"","format":"standard","meta":{"footnotes":""},"categories":[5,4],"tags":[],"class_list":["post-149341","post","type-post","status-publish","format-standard","has-post-thumbnail","hentry","category-actualidad","category-policiales"],"_links":{"self":[{"href":"https:\/\/vinasfm.com\/noticias\/wp-json\/wp\/v2\/posts\/149341","targetHints":{"allow":["GET"]}}],"collection":[{"href":"https:\/\/vinasfm.com\/noticias\/wp-json\/wp\/v2\/posts"}],"about":[{"href":"https:\/\/vinasfm.com\/noticias\/wp-json\/wp\/v2\/types\/post"}],"author":[{"embeddable":true,"href":"https:\/\/vinasfm.com\/noticias\/wp-json\/wp\/v2\/users\/7"}],"replies":[{"embeddable":true,"href":"https:\/\/vinasfm.com\/noticias\/wp-json\/wp\/v2\/comments?post=149341"}],"version-history":[{"count":2,"href":"https:\/\/vinasfm.com\/noticias\/wp-json\/wp\/v2\/posts\/149341\/revisions"}],"predecessor-version":[{"id":149386,"href":"https:\/\/vinasfm.com\/noticias\/wp-json\/wp\/v2\/posts\/149341\/revisions\/149386"}],"wp:featuredmedia":[{"embeddable":true,"href":"https:\/\/vinasfm.com\/noticias\/wp-json\/wp\/v2\/media\/149342"}],"wp:attachment":[{"href":"https:\/\/vinasfm.com\/noticias\/wp-json\/wp\/v2\/media?parent=149341"}],"wp:term":[{"taxonomy":"category","embeddable":true,"href":"https:\/\/vinasfm.com\/noticias\/wp-json\/wp\/v2\/categories?post=149341"},{"taxonomy":"post_tag","embeddable":true,"href":"https:\/\/vinasfm.com\/noticias\/wp-json\/wp\/v2\/tags?post=149341"}],"curies":[{"name":"wp","href":"https:\/\/api.w.org\/{rel}","templated":true}]}}