{"id":149326,"date":"2025-06-07T10:23:57","date_gmt":"2025-06-07T13:23:57","guid":{"rendered":"https:\/\/vinasfm.com\/noticias\/?p=149326"},"modified":"2025-06-09T10:22:28","modified_gmt":"2025-06-09T13:22:28","slug":"delincuentes-robaron-una-bicicleta-del-interior-del-patio-de-una-vivienda","status":"publish","type":"post","link":"https:\/\/vinasfm.com\/noticias\/delincuentes-robaron-una-bicicleta-del-interior-del-patio-de-una-vivienda\/","title":{"rendered":"DELINCUENTES ROBARON UNA BICICLETA DEL INTERIOR DEL PATIO DE UNA VIVIENDA"},"content":{"rendered":"<h4 data-sourcepos=\"4:1-4:278\"><strong><span style=\"color: #003300;\">Una bicicleta marca Gravity, color turquesa, fue robada ayer viernes por la noche de una vivienda ubicada en la calle Arist\u00f3bulo del Valle de General Alvear. La v\u00edctima, M.C., un hombre de 30 a\u00f1os, denunci\u00f3 el hecho a las 19:54 en la Comisar\u00eda 14\u00b0.<\/span><\/strong><\/h4>\n<p data-sourcepos=\"6:1-6:291\">Seg\u00fan el relato de M.C., hab\u00eda dejado su bicicleta en el patio de su casa sin ninguna medida de seguridad. Minutos despu\u00e9s, al regresar al lugar, constat\u00f3 que la bicicleta ya no se encontraba. <strong>Los delincuentes no causaron da\u00f1os en los accesos a la vivienda para llevar a cabo la sustracci\u00f3n.<\/strong><\/p>\n<p data-sourcepos=\"8:1-8:92\">La Oficina Fiscal de jurisdicci\u00f3n ha tomado intervenci\u00f3n en el caso para investigar el robo.<\/p>\n","protected":false},"excerpt":{"rendered":"<p>Una bicicleta marca Gravity, color turquesa, fue robada ayer viernes por la noche de una vivienda ubicada en la calle Arist\u00f3bulo &#8230;<\/p>\n","protected":false},"author":7,"featured_media":101629,"comment_status":"open","ping_status":"open","sticky":false,"template":"","format":"standard","meta":{"footnotes":""},"categories":[201,4],"tags":[],"class_list":["post-149326","post","type-post","status-publish","format-standard","has-post-thumbnail","hentry","category-inseguridad","category-policiales"],"_links":{"self":[{"href":"https:\/\/vinasfm.com\/noticias\/wp-json\/wp\/v2\/posts\/149326","targetHints":{"allow":["GET"]}}],"collection":[{"href":"https:\/\/vinasfm.com\/noticias\/wp-json\/wp\/v2\/posts"}],"about":[{"href":"https:\/\/vinasfm.com\/noticias\/wp-json\/wp\/v2\/types\/post"}],"author":[{"embeddable":true,"href":"https:\/\/vinasfm.com\/noticias\/wp-json\/wp\/v2\/users\/7"}],"replies":[{"embeddable":true,"href":"https:\/\/vinasfm.com\/noticias\/wp-json\/wp\/v2\/comments?post=149326"}],"version-history":[{"count":2,"href":"https:\/\/vinasfm.com\/noticias\/wp-json\/wp\/v2\/posts\/149326\/revisions"}],"predecessor-version":[{"id":149328,"href":"https:\/\/vinasfm.com\/noticias\/wp-json\/wp\/v2\/posts\/149326\/revisions\/149328"}],"wp:featuredmedia":[{"embeddable":true,"href":"https:\/\/vinasfm.com\/noticias\/wp-json\/wp\/v2\/media\/101629"}],"wp:attachment":[{"href":"https:\/\/vinasfm.com\/noticias\/wp-json\/wp\/v2\/media?parent=149326"}],"wp:term":[{"taxonomy":"category","embeddable":true,"href":"https:\/\/vinasfm.com\/noticias\/wp-json\/wp\/v2\/categories?post=149326"},{"taxonomy":"post_tag","embeddable":true,"href":"https:\/\/vinasfm.com\/noticias\/wp-json\/wp\/v2\/tags?post=149326"}],"curies":[{"name":"wp","href":"https:\/\/api.w.org\/{rel}","templated":true}]}}