{"id":149323,"date":"2025-06-07T10:18:40","date_gmt":"2025-06-07T13:18:40","guid":{"rendered":"https:\/\/vinasfm.com\/noticias\/?p=149323"},"modified":"2025-06-09T10:22:56","modified_gmt":"2025-06-09T13:22:56","slug":"asi-son-las-taser-7-que-usara-la-policia-de-mendoza-mas-alcance-control-y-seguridad","status":"publish","type":"post","link":"https:\/\/vinasfm.com\/noticias\/asi-son-las-taser-7-que-usara-la-policia-de-mendoza-mas-alcance-control-y-seguridad\/","title":{"rendered":"AS\u00cd SON LAS TASER 7 QUE USAR\u00c1 LA POLIC\u00cdA DE MENDOZA: M\u00c1S ALCANCE, CONTROL Y SEGURIDAD"},"content":{"rendered":"<h4><span style=\"color: #003300;\"><strong>La compra de 130 nuevos dispositivos, junto con un protocolo de uso actualizado y capacitaci\u00f3n obligatoria, permitir\u00e1 que todo el personal policial cuente con herramientas de baja letalidad y avanzadas para el control de situaciones de alto riesgo, garantizando siempre el respeto por los derechos humanos y la proporcionalidad en la respuesta.<\/strong><\/span><\/h4>\n<p>La <strong>Polic\u00eda de Mendoza<\/strong> avanza en la implementaci\u00f3n y modernizaci\u00f3n de los dispositivos electr\u00f3nicos de control<em> (DEC)<\/em>, com\u00fanmente conocidos como pistolas Taser, con la compra de tecnolog\u00eda de \u00faltima generaci\u00f3n y la ampliaci\u00f3n del uso de estos dispositivos a todas las unidades operativas de la fuerza.<\/p>\n<p>En relaci\u00f3n con la compra realizada, la <em>ministra de Seguridad y Justicia<\/em>, <span style=\"color: #003366;\"><strong>Mercedes Rus<\/strong><\/span>, se\u00f1al\u00f3 que se trata de <strong><em>\u201cla compra m\u00e1s grande en la historia de Mendoza\u201d<\/em><\/strong>. Agreg\u00f3 que <strong><em>\u201cson 130 unidades con tecnolog\u00eda de \u00faltima generaci\u00f3n, que ser\u00e1n incorporadas progresivamente a las fuerzas policiales de la provincia y bajo estrictas capacitaciones que deber\u00e1n realizar para poder portarlas\u201d.<\/em><\/strong><\/p>\n<p>Mediante el Decreto 2155, publicado en el\u00a0<em>Bolet\u00edn Oficial<\/em>, se aprob\u00f3 un instructivo oficial que establece el protocolo de uso y la capacitaci\u00f3n obligatoria, la cual ser\u00e1 incorporada al Plan Anual de Formaci\u00f3n Obligatoria de la Polic\u00eda. Esto implica que el uso de las Taser, hasta ahora restringido a las Fuerzas de Operaciones Especiales (FOE) integradas por Grupo Especial de Seguridad (GES) y Grupo de Resoluci\u00f3n de Incidentes y Secuestros (GRIS), quedar\u00e1 habilitado para todo el personal policial que cumpla con la formaci\u00f3n correspondiente.<\/p>\n<p><img decoding=\"async\" src=\"https:\/\/www.mendoza.gov.ar\/wp-content\/uploads\/sites\/5\/2025\/06\/MG_8011-700x467.jpg\" \/><\/p>\n<h2><strong>Caracter\u00edsticas t\u00e9cnicas y operativas de las nuevas Taser<\/strong><\/h2>\n<p>Las Taser 7 presentan mejoras tecnol\u00f3gicas que las diferencian notablemente de los dispositivos actuales. A diferencia de los 18 dispositivos Taser con los que cuenta la fuerza policial, que disparan un solo cartucho por vez y no permiten advertencias previas, estas nuevas pistolas pueden almacenar dos cartuchos simult\u00e1neamente \u2014uno de corto alcance y otro de largo alcance\u2014, lo que facilita procedimientos escalonados de advertencia y control.<\/p>\n<p>Adem\u00e1s, cuentan con sistemas disuasivos sonoros y visuales para evitar la necesidad de uso de la descarga el\u00e9ctrica. <strong>En cuanto a sus especificaciones, emiten una corriente entre 1,2 y 1,5 miliamperios y una descarga efectiva de 5 segundos para inmovilizaci\u00f3n neuromuscular. La descarga inicial del cartucho puede alcanzar 50.000 voltios.<\/strong> La gran mayor\u00eda de esa energ\u00eda es utilizada para la activaci\u00f3n de la carga de nitr\u00f3geno inerte comprimido que expulsa las sondas. La tensi\u00f3n que finalmente entrega a la zona corporal es de solamente 1.000 a 2.000 voltios.<\/p>\n<h2><strong>Protocolo estricto para garantizar seguridad y derechos<\/strong><\/h2>\n<p>El instructivo establece criterios claros de aplicaci\u00f3n, orientados a que el uso de estos dispositivos se ajuste a los principios de necesidad, razonabilidad y proporcionalidad, respetando los est\u00e1ndares vigentes en materia de derechos humanos y seguridad p\u00fablica.<\/p>\n<p>Se proh\u00edbe disparar hacia la cabeza, cuello, rostro, entrepierna o torso superior, y se recomienda apuntar hacia \u00e1reas de mayor masa muscular. Adem\u00e1s, solo puede operar estos dispositivos personal con al menos dos a\u00f1os de antig\u00fcedad en la Polic\u00eda, o tres a\u00f1os en el caso de civiles que trabajen como preventores o en seguridad privada, y deben estar certificados y habilitados por la cartera de Seguridad.<\/p>\n<p>Cada intervenci\u00f3n debe ser documentada en detalle, consignando fecha, hora, lugar, circunstancias y resultados, y en situaciones cr\u00edticas, se debe elaborar un informe t\u00e9cnico dirigido al magistrado correspondiente. <strong>El protocolo establece responsabilidades administrativas para las entidades que adquieran los dispositivos y responsabilidades operativas directas para quienes los utilicen y sus superiores.<\/strong><\/p>\n","protected":false},"excerpt":{"rendered":"<p>La compra de 130 nuevos dispositivos, junto con un protocolo de uso actualizado y capacitaci\u00f3n obligatoria, permitir\u00e1 que todo el personal &#8230;<\/p>\n","protected":false},"author":7,"featured_media":149324,"comment_status":"open","ping_status":"open","sticky":false,"template":"","format":"standard","meta":{"footnotes":""},"categories":[77,33],"tags":[],"class_list":["post-149323","post","type-post","status-publish","format-standard","has-post-thumbnail","hentry","category-gobierno","category-seguridad"],"_links":{"self":[{"href":"https:\/\/vinasfm.com\/noticias\/wp-json\/wp\/v2\/posts\/149323","targetHints":{"allow":["GET"]}}],"collection":[{"href":"https:\/\/vinasfm.com\/noticias\/wp-json\/wp\/v2\/posts"}],"about":[{"href":"https:\/\/vinasfm.com\/noticias\/wp-json\/wp\/v2\/types\/post"}],"author":[{"embeddable":true,"href":"https:\/\/vinasfm.com\/noticias\/wp-json\/wp\/v2\/users\/7"}],"replies":[{"embeddable":true,"href":"https:\/\/vinasfm.com\/noticias\/wp-json\/wp\/v2\/comments?post=149323"}],"version-history":[{"count":1,"href":"https:\/\/vinasfm.com\/noticias\/wp-json\/wp\/v2\/posts\/149323\/revisions"}],"predecessor-version":[{"id":149325,"href":"https:\/\/vinasfm.com\/noticias\/wp-json\/wp\/v2\/posts\/149323\/revisions\/149325"}],"wp:featuredmedia":[{"embeddable":true,"href":"https:\/\/vinasfm.com\/noticias\/wp-json\/wp\/v2\/media\/149324"}],"wp:attachment":[{"href":"https:\/\/vinasfm.com\/noticias\/wp-json\/wp\/v2\/media?parent=149323"}],"wp:term":[{"taxonomy":"category","embeddable":true,"href":"https:\/\/vinasfm.com\/noticias\/wp-json\/wp\/v2\/categories?post=149323"},{"taxonomy":"post_tag","embeddable":true,"href":"https:\/\/vinasfm.com\/noticias\/wp-json\/wp\/v2\/tags?post=149323"}],"curies":[{"name":"wp","href":"https:\/\/api.w.org\/{rel}","templated":true}]}}