{"id":149318,"date":"2025-06-07T10:05:06","date_gmt":"2025-06-07T13:05:06","guid":{"rendered":"https:\/\/vinasfm.com\/noticias\/?p=149318"},"modified":"2025-06-09T10:23:28","modified_gmt":"2025-06-09T13:23:28","slug":"se-llevo-adelante-un-nuevo-encuentro-de-los-concejos-del-sur","status":"publish","type":"post","link":"https:\/\/vinasfm.com\/noticias\/se-llevo-adelante-un-nuevo-encuentro-de-los-concejos-del-sur\/","title":{"rendered":"SE LLEVO ADELANTE UN NUEVO ENCUENTRO ENTRE LOS CONCEJALES DEL SUR"},"content":{"rendered":"<h4>Digitalizaci\u00f3n, autonom\u00eda municipal y Paso Pehuenche: ejes del encuentro regional de Concejos Deliberantes en San Rafael.<\/h4>\n<p>Los representantes del Cuerpo Legislativo alvearense participaron del 4\u00b0 Encuentro de Concejos Deliberantes del Sur.<\/p>\n<p><a href=\"https:\/\/vinasfm.com\/noticias\/wp-content\/uploads\/2025\/06\/HCD-02.jpeg\"><img loading=\"lazy\" decoding=\"async\" class=\" wp-image-149321 aligncenter\" src=\"https:\/\/vinasfm.com\/noticias\/wp-content\/uploads\/2025\/06\/HCD-02-300x153.jpeg\" alt=\"\" width=\"349\" height=\"178\" srcset=\"https:\/\/vinasfm.com\/noticias\/wp-content\/uploads\/2025\/06\/HCD-02-300x153.jpeg 300w, https:\/\/vinasfm.com\/noticias\/wp-content\/uploads\/2025\/06\/HCD-02-1024x522.jpeg 1024w, https:\/\/vinasfm.com\/noticias\/wp-content\/uploads\/2025\/06\/HCD-02-768x391.jpeg 768w, https:\/\/vinasfm.com\/noticias\/wp-content\/uploads\/2025\/06\/HCD-02.jpeg 1280w\" sizes=\"auto, (max-width: 349px) 100vw, 349px\" \/><\/a><\/p>\n<p>Di\u00e1logo, propuestas y trabajo conjunto marcaron la agenda de la cuarta edici\u00f3n del espacio legislativo regional que re\u00fane a <strong><span style=\"color: #800080;\">General Alvear, San Rafael y Malarg\u00fce<\/span><\/strong>.<\/p>\n<p>Por el Concejo alvearense participaron su presidente<strong><span style=\"color: #800080;\"> Alejandra Torti y los ediles N\u00e9stor Ortega, Silvina Melzi, Gisela Bello y Florencia Escart\u00edn<\/span><\/strong>.<\/p>\n<p><a href=\"https:\/\/vinasfm.com\/noticias\/wp-content\/uploads\/2025\/06\/HCD-01.jpeg\"><img loading=\"lazy\" decoding=\"async\" class=\" wp-image-149320 aligncenter\" src=\"https:\/\/vinasfm.com\/noticias\/wp-content\/uploads\/2025\/06\/HCD-01-300x153.jpeg\" alt=\"\" width=\"465\" height=\"237\" srcset=\"https:\/\/vinasfm.com\/noticias\/wp-content\/uploads\/2025\/06\/HCD-01-300x153.jpeg 300w, https:\/\/vinasfm.com\/noticias\/wp-content\/uploads\/2025\/06\/HCD-01-1024x522.jpeg 1024w, https:\/\/vinasfm.com\/noticias\/wp-content\/uploads\/2025\/06\/HCD-01-768x392.jpeg 768w, https:\/\/vinasfm.com\/noticias\/wp-content\/uploads\/2025\/06\/HCD-01.jpeg 1280w\" sizes=\"auto, (max-width: 465px) 100vw, 465px\" \/><\/a><\/p>\n<p>Durante la jornada, se debati\u00f3 la firma de un acta acuerdo en torno al Paso Pehuenche, una obra clave para el desarrollo econ\u00f3mico y la integraci\u00f3n regional. Adem\u00e1s, se presentaron avances en la digitalizaci\u00f3n institucional, se discuti\u00f3 sobre autonom\u00eda municipal y se compartieron detalles sobre la creaci\u00f3n de la Agencia de Desarrollo Territorial del Sur, impulsada por los tres intendentes de la regi\u00f3n en conjunto con la Universidad Tecnol\u00f3gica Nacional.<\/p>\n<p>La presidente del HCD alvearense, <strong><span style=\"color: #800080;\">Alejandra Torti<\/span><\/strong>, volvi\u00f3 a destacar la importancia de estos espacios: <em><strong><span style=\"color: #000000;\">\u201cEsto tiene que ver con un compromiso que asumimos el a\u00f1o pasado los tres concejos deliberantes del sur para trabajar de forma mancomunada. Aunque a veces hay temas que no nos unan tanto, creo que la madurez pol\u00edtica est\u00e1 en poder discutirlos, llegar a acuerdos y estar a la altura de lo que la ciudadan\u00eda espera que resolvamos.<\/span><\/strong><\/em><\/p>\n<p><em><strong><span style=\"color: #000000;\">La participaci\u00f3n activa de los concejales en los encuentros de concejos deliberantes del sur de Mendoza es fundamental para fortalecer el di\u00e1logo regional, intercambiar experiencias legislativas y construir soluciones conjuntas a los desaf\u00edos comunes que enfrentan nuestras comunidades. Estos espacios promueven el trabajo colaborativo, enriquecen la mirada local con una perspectiva regional y permiten consolidar pol\u00edticas p\u00fablicas m\u00e1s efectivas, integradoras y sostenibles para el desarrollo del sur mendocino\u201d<\/span><\/strong><\/em>, asegur\u00f3.<\/p>\n<p>Samuel Barcudi, presidente del Concejo Deliberante de San Rafael, expres\u00f3: <em><strong>\u201cLos tres concejos estamos presentes en esta jornada y queremos discutir un acta acuerdo sobre el Paso Pehuenche, una iniciativa que vienen trabajando tambi\u00e9n las c\u00e1maras de comercio del sur. Desde los concejos pretendemos acompa\u00f1ar y fortalecer ese trabajo. Adem\u00e1s, vamos a mostrar los avances en la digitalizaci\u00f3n del cuerpo, la autonom\u00eda municipal y una charla sobre la agencia de desarrollo territorial, que tiene como fin impulsar proyectos de econom\u00eda y crecimiento para todo el sur\u201d<\/strong><\/em>.<\/p>\n<p>Por su parte Rodrigo Hidalgo en representaci\u00f3n de Malarg\u00fce dijo: Rodrigo Hidalgo, presidente del HCD, remarc\u00f3 el desaf\u00edo de construir una visi\u00f3n regional: <em><strong>\u201cLa premisa es buscar temas en com\u00fan. Entre nuestros departamentos hay enormes distancias con la capital y nuestras realidades son diferentes. Por eso queremos aunar criterios, trabajar en un desarrollo regional equilibrado y acompa\u00f1ar las decisiones de nuestros intendentes\u201d<\/strong><\/em>.<\/p>\n<p>La jornada representa una nueva oportunidad para consolidar v\u00ednculos institucionales, planificar pol\u00edticas p\u00fablicas conjuntas y proyectar un sur mendocino m\u00e1s unido y con mayor capacidad de gesti\u00f3n territorial.<\/p>\n","protected":false},"excerpt":{"rendered":"<p>Digitalizaci\u00f3n, autonom\u00eda municipal y Paso Pehuenche: ejes del encuentro regional de Concejos Deliberantes en San Rafael. Los representantes del Cuerpo Legislativo &#8230;<\/p>\n","protected":false},"author":7,"featured_media":149319,"comment_status":"open","ping_status":"open","sticky":false,"template":"","format":"standard","meta":{"footnotes":""},"categories":[10,26],"tags":[],"class_list":["post-149318","post","type-post","status-publish","format-standard","has-post-thumbnail","hentry","category-destacadas","category-hcd"],"_links":{"self":[{"href":"https:\/\/vinasfm.com\/noticias\/wp-json\/wp\/v2\/posts\/149318","targetHints":{"allow":["GET"]}}],"collection":[{"href":"https:\/\/vinasfm.com\/noticias\/wp-json\/wp\/v2\/posts"}],"about":[{"href":"https:\/\/vinasfm.com\/noticias\/wp-json\/wp\/v2\/types\/post"}],"author":[{"embeddable":true,"href":"https:\/\/vinasfm.com\/noticias\/wp-json\/wp\/v2\/users\/7"}],"replies":[{"embeddable":true,"href":"https:\/\/vinasfm.com\/noticias\/wp-json\/wp\/v2\/comments?post=149318"}],"version-history":[{"count":2,"href":"https:\/\/vinasfm.com\/noticias\/wp-json\/wp\/v2\/posts\/149318\/revisions"}],"predecessor-version":[{"id":149389,"href":"https:\/\/vinasfm.com\/noticias\/wp-json\/wp\/v2\/posts\/149318\/revisions\/149389"}],"wp:featuredmedia":[{"embeddable":true,"href":"https:\/\/vinasfm.com\/noticias\/wp-json\/wp\/v2\/media\/149319"}],"wp:attachment":[{"href":"https:\/\/vinasfm.com\/noticias\/wp-json\/wp\/v2\/media?parent=149318"}],"wp:term":[{"taxonomy":"category","embeddable":true,"href":"https:\/\/vinasfm.com\/noticias\/wp-json\/wp\/v2\/categories?post=149318"},{"taxonomy":"post_tag","embeddable":true,"href":"https:\/\/vinasfm.com\/noticias\/wp-json\/wp\/v2\/tags?post=149318"}],"curies":[{"name":"wp","href":"https:\/\/api.w.org\/{rel}","templated":true}]}}