{"id":149316,"date":"2025-06-06T11:32:37","date_gmt":"2025-06-06T14:32:37","guid":{"rendered":"https:\/\/vinasfm.com\/noticias\/?p=149316"},"modified":"2025-06-09T10:23:42","modified_gmt":"2025-06-09T13:23:42","slug":"por-la-acumulacion-de-feriados-los-bancos-solo-atenderan-durante-tres-dias","status":"publish","type":"post","link":"https:\/\/vinasfm.com\/noticias\/por-la-acumulacion-de-feriados-los-bancos-solo-atenderan-durante-tres-dias\/","title":{"rendered":"POR LA ACUMULACI\u00d3N DE FERIADOS, LOS BANCOS SOLO ATENDER\u00c1N DURANTE TRES D\u00cdAS"},"content":{"rendered":"<h4><strong><span style=\"color: #003300;\">Las instituciones financieras s\u00f3lo abrir\u00e1n sus puertas para atender clientes el martes 17, mi\u00e9rcoles 18 y jueves 19.<\/span><\/strong><\/h4>\n<p>La semana del\u00a0<strong>lunes 16 al viernes 20 de junio<\/strong>\u00a0tendr\u00e1 solo tres d\u00edas con atenci\u00f3n bancaria debido a los feriados nacionales, lo cual obliga a una planificaci\u00f3n especial para cubrir las necesidades financieras de los clientes.<\/p>\n<p>El lunes 16 los bancos no atender\u00e1n al p\u00fablico por conmemorarse el D\u00eda del paso a la inmortalidad del general Mart\u00edn Miguel de G\u00fcemes, mientras que en esa misma semana el viernes 20 se recuerda a Manuel Belgrano con la celebraci\u00f3n del D\u00eda de la Bandera.<\/p>\n<p>De esta forma, las instituciones financieras\u00a0<strong>s\u00f3lo abrir\u00e1n sus puertas para atender clientes el martes 17, mi\u00e9rcoles 18 y jueves 19.<\/strong><\/p>\n<p>De todas maneras, todos los servicios digitales que se ofrecen a trav\u00e9s de las plataformas de\u00a0<strong>homebanking\u00a0<\/strong>seguir\u00e1n activos, salvo para transacciones como compra y venta de d\u00f3lares, bonos o acciones.<\/p>\n<p>Este tipo de operaciones se retomar\u00e1n con sus cronogramas y horarios habituales la semana que se<strong>\u00a0inicia el 23 de junio<\/strong>.<\/p>\n<p>En caso de que un vencimiento opere en alguno de los d\u00edas feriados, el mismo pasa al d\u00eda h\u00e1bil siguiente.<\/p>\n<aside class=\"scaip scaip-2    \"><\/aside>\n<p>Las transferencias entre cuentas podr\u00e1n realizarse sin inconvenientes a trav\u00e9s de las opciones digitales.<\/p>\n","protected":false},"excerpt":{"rendered":"<p>Las instituciones financieras s\u00f3lo abrir\u00e1n sus puertas para atender clientes el martes 17, mi\u00e9rcoles 18 y jueves 19. La semana del\u00a0lunes &#8230;<\/p>\n","protected":false},"author":7,"featured_media":44916,"comment_status":"open","ping_status":"open","sticky":false,"template":"","format":"standard","meta":{"footnotes":""},"categories":[71,10],"tags":[],"class_list":["post-149316","post","type-post","status-publish","format-standard","has-post-thumbnail","hentry","category-actividad-bancaria","category-destacadas"],"_links":{"self":[{"href":"https:\/\/vinasfm.com\/noticias\/wp-json\/wp\/v2\/posts\/149316","targetHints":{"allow":["GET"]}}],"collection":[{"href":"https:\/\/vinasfm.com\/noticias\/wp-json\/wp\/v2\/posts"}],"about":[{"href":"https:\/\/vinasfm.com\/noticias\/wp-json\/wp\/v2\/types\/post"}],"author":[{"embeddable":true,"href":"https:\/\/vinasfm.com\/noticias\/wp-json\/wp\/v2\/users\/7"}],"replies":[{"embeddable":true,"href":"https:\/\/vinasfm.com\/noticias\/wp-json\/wp\/v2\/comments?post=149316"}],"version-history":[{"count":1,"href":"https:\/\/vinasfm.com\/noticias\/wp-json\/wp\/v2\/posts\/149316\/revisions"}],"predecessor-version":[{"id":149317,"href":"https:\/\/vinasfm.com\/noticias\/wp-json\/wp\/v2\/posts\/149316\/revisions\/149317"}],"wp:featuredmedia":[{"embeddable":true,"href":"https:\/\/vinasfm.com\/noticias\/wp-json\/wp\/v2\/media\/44916"}],"wp:attachment":[{"href":"https:\/\/vinasfm.com\/noticias\/wp-json\/wp\/v2\/media?parent=149316"}],"wp:term":[{"taxonomy":"category","embeddable":true,"href":"https:\/\/vinasfm.com\/noticias\/wp-json\/wp\/v2\/categories?post=149316"},{"taxonomy":"post_tag","embeddable":true,"href":"https:\/\/vinasfm.com\/noticias\/wp-json\/wp\/v2\/tags?post=149316"}],"curies":[{"name":"wp","href":"https:\/\/api.w.org\/{rel}","templated":true}]}}