{"id":149309,"date":"2025-06-06T10:17:50","date_gmt":"2025-06-06T13:17:50","guid":{"rendered":"https:\/\/vinasfm.com\/noticias\/?p=149309"},"modified":"2025-06-06T10:17:50","modified_gmt":"2025-06-06T13:17:50","slug":"san-rafael-y-la-lucha-antigranizo-el-municipio-anuncio-que-pagara-su-parte-por-adelantado","status":"publish","type":"post","link":"https:\/\/vinasfm.com\/noticias\/san-rafael-y-la-lucha-antigranizo-el-municipio-anuncio-que-pagara-su-parte-por-adelantado\/","title":{"rendered":"SAN RAFAEL Y LA LUCHA ANTIGRANIZO: EL MUNICIPIO ANUNCI\u00d3 QUE PAGAR\u00c1 SU PARTE \u201cPOR ADELANTADO\u201d"},"content":{"rendered":"<h4><span style=\"color: #003300;\"><strong>Luego de una temporada compleja y con m\u00faltiples modificaciones en el sistema de la Lucha Antigranizo, el Municipio de San Rafael decidi\u00f3 cumplimentar sus aportes por adelantado para cancelar su \u201ccuota\u201d correspondiente al sistema de defensa activa de tormentas.<\/strong><\/span><\/h4>\n<p>El balance de la temporada dej\u00f3 un saldo positivo. All\u00e1 por el mes de abril se realiz\u00f3 el resumen del trabajo que dej\u00f3 cifras certeras: hubo m\u00e1s d\u00edas con tormentas severas (pas\u00f3 de 62 a 76), pero se redujo la cantidad de da\u00f1os en hect\u00e1reas productivas.<\/p>\n<p><strong>Esta temporada estuvo por debajo del promedio de da\u00f1os con 2.704 hect\u00e1reas afectadas. Otro dato relevante es que nunca el granizo que precipit\u00f3 super\u00f3 los 4,5 cm de di\u00e1metro.<\/strong><\/p>\n<p>Hay que recordar que el sistema, operado por empresas privadas, <strong>se financi\u00f3 con aportes de San Rafael, General Alvear y el Gobierno de Mendoza.<\/strong><\/p>\n<p>En este marco, desde el municipio sanrafaelino confirmaron que <strong><em>\u201ccumplir\u00e1 con el compromiso asumido por el intendente Omar F\u00e9lix para el sostenimiento de la Lucha Antigranizo en el sur mendocino\u201d<\/em><\/strong> y que <em><strong>\u201cpor adelantado, la comuna habr\u00e1 aportado 1.060.000.000 de pesos\u201d.<\/strong><\/em><\/p>\n<p>De esta manera, con fondos propios de la comuna, se har\u00e1 el \u00faltimo pago restante para alcanzar el monto que se hab\u00eda acordado con Mendoza Fiduciaria. As\u00ed,<strong> a menos de dos meses de concluida la temporada de trabajos, el municipio cumplir\u00e1 con sus obligaciones y quedar\u00e1 al pendiente de que decisi\u00f3n se tomar\u00e1 para afrontar la pr\u00f3xima temporada de cultivos.<\/strong><\/p>\n<p>Lo \u00fanico cierto es que en el Oasis Sur <em>(entre San Rafael y Alvear)<\/em> hay unas 60000 hect\u00e1reas cultivadas y solo registraron da\u00f1os unas 2600, lo que equivale a un 4,26% del total.<\/p>\n<p>La mayor parte de los da\u00f1os corresponden a la supercelda registrada el 6 de enero en Real del Padre<em> (y zonas aleda\u00f1as)<\/em> que afect\u00f3 m\u00e1s de 2 mil hect\u00e1reas, en un hito que combin\u00f3 la tormenta con fuertes r\u00e1fagas de viento.<\/p>\n<h2><strong>CONTROVERSIA EN GENERAL ALVEAR<br \/>\n<\/strong><\/h2>\n<p>Una situaci\u00f3n extra\u00f1a se produjo en las \u00faltimas horas en relaci\u00f3n a General Alvear. <strong>Es que algunos medios sanrafaelinos difundieron una supuesta informaci\u00f3n de Mendoza Fiduciaria que aseguraba que el municipio dirigido por Alejandro Molero solo hab\u00eda abonado el 30% de lo que le correspond\u00eda.<\/strong><\/p>\n<p>Ante la aparici\u00f3n de esa noticia, la comuna alvearense realiz\u00f3 una conferencia de prensa donde funcionarios negaron esos n\u00fameros y <em><strong>\u201cculparon\u201d<\/strong><\/em> a San Rafael por una supuesta filtraci\u00f3n de datos falsos.<\/p>\n<p>La respuesta sanrafaelina no se hizo esperar. Desde el municipio dirigido por F\u00e9lix emitieron un comunicado donde se <em><strong>\u201crepudia\u201d<\/strong><\/em> y <strong><em>\u201cdesmiente\u201d<\/em><\/strong> las declaraciones medi\u00e1ticas de los funcionarios alvearenses. La decisi\u00f3n de <strong><em>\u201cculpar\u201d<\/em> <\/strong>a San Rafael por la difusi\u00f3n de la noticia y plantearla como una <strong><em>\u201coperaci\u00f3n pol\u00edtica\u201d<\/em> <\/strong>de las autoridades sanrafaelinas, gener\u00f3 mucho malestar en el seno de la conducci\u00f3n de nuestro departamento.<\/p>\n<p>En este marco, el comunicado oficial destaca que<em><strong> \u201cla aparici\u00f3n p\u00fablica de representantes del municipio alvearenses fue en respuesta a un documento de Mendoza Fiduciaria, quien inform\u00f3 la situaci\u00f3n de mora de cada una de las partes intervinientes en el sostenimiento de la lucha en el sur mendocino\u201d.<\/strong><\/em><\/p>\n<p>Finalmente plantearon que <strong><em>\u201cllamativamente, los funcionarios alvearenses lanzaron infundados cuestionamientos al Municipio de San Rafael, sin ning\u00fan tipo de respaldo y con un inusitado nivel de agresi\u00f3n\u201d.<\/em><\/strong><\/p>\n<h6><em>Diario San Rafael.<\/em><\/h6>\n","protected":false},"excerpt":{"rendered":"<p>Luego de una temporada compleja y con m\u00faltiples modificaciones en el sistema de la Lucha Antigranizo, el Municipio de San Rafael &#8230;<\/p>\n","protected":false},"author":7,"featured_media":149310,"comment_status":"open","ping_status":"open","sticky":false,"template":"","format":"standard","meta":{"footnotes":""},"categories":[1],"tags":[],"class_list":["post-149309","post","type-post","status-publish","format-standard","has-post-thumbnail","hentry","category-fmvinas"],"_links":{"self":[{"href":"https:\/\/vinasfm.com\/noticias\/wp-json\/wp\/v2\/posts\/149309","targetHints":{"allow":["GET"]}}],"collection":[{"href":"https:\/\/vinasfm.com\/noticias\/wp-json\/wp\/v2\/posts"}],"about":[{"href":"https:\/\/vinasfm.com\/noticias\/wp-json\/wp\/v2\/types\/post"}],"author":[{"embeddable":true,"href":"https:\/\/vinasfm.com\/noticias\/wp-json\/wp\/v2\/users\/7"}],"replies":[{"embeddable":true,"href":"https:\/\/vinasfm.com\/noticias\/wp-json\/wp\/v2\/comments?post=149309"}],"version-history":[{"count":1,"href":"https:\/\/vinasfm.com\/noticias\/wp-json\/wp\/v2\/posts\/149309\/revisions"}],"predecessor-version":[{"id":149311,"href":"https:\/\/vinasfm.com\/noticias\/wp-json\/wp\/v2\/posts\/149309\/revisions\/149311"}],"wp:featuredmedia":[{"embeddable":true,"href":"https:\/\/vinasfm.com\/noticias\/wp-json\/wp\/v2\/media\/149310"}],"wp:attachment":[{"href":"https:\/\/vinasfm.com\/noticias\/wp-json\/wp\/v2\/media?parent=149309"}],"wp:term":[{"taxonomy":"category","embeddable":true,"href":"https:\/\/vinasfm.com\/noticias\/wp-json\/wp\/v2\/categories?post=149309"},{"taxonomy":"post_tag","embeddable":true,"href":"https:\/\/vinasfm.com\/noticias\/wp-json\/wp\/v2\/tags?post=149309"}],"curies":[{"name":"wp","href":"https:\/\/api.w.org\/{rel}","templated":true}]}}