{"id":149299,"date":"2025-06-06T09:26:58","date_gmt":"2025-06-06T12:26:58","guid":{"rendered":"https:\/\/vinasfm.com\/noticias\/?p=149299"},"modified":"2025-06-06T09:26:58","modified_gmt":"2025-06-06T12:26:58","slug":"la-escuela-de-agricultura-realizara-la-tercera-edicion-del-simulacro-del-senado-con-participacion-estudiantil-ampliada","status":"publish","type":"post","link":"https:\/\/vinasfm.com\/noticias\/la-escuela-de-agricultura-realizara-la-tercera-edicion-del-simulacro-del-senado-con-participacion-estudiantil-ampliada\/","title":{"rendered":"LA ESCUELA DE AGRICULTURA REALIZAR\u00c1 LA TERCERA EDICI\u00d3N DEL SIMULACRO DEL SENADO CON PARTICIPACI\u00d3N ESTUDIANTIL AMPLIADA"},"content":{"rendered":"<h4 data-start=\"137\" data-end=\"549\"><strong><span style=\"color: #003300;\">La Escuela de Agricultura de la UNCuyo ser\u00e1 nuevamente sede de una iniciativa educativa \u00fanica en la regi\u00f3n: la tercera edici\u00f3n del simulacro de sesi\u00f3n del Senado provincial. En di\u00e1logo con FM VI\u00d1AS, la profesora Daniela L\u00f3pez, vicedirectora a cargo del establecimiento, brind\u00f3 detalles sobre esta experiencia c\u00edvica y formativa que involucra a j\u00f3venes de distintos colegios del departamento.<\/span><\/strong><\/h4>\n<p data-start=\"551\" data-end=\"965\"><em><strong>\u201cComenzamos a trabajar desde principio de a\u00f1o con los chicos. Ellos mismos eligen el tema y proponen una idea de proyecto de ley. Luego se realiza todo un an\u00e1lisis que culmina con el simulacro de Sesi\u00f3n\u201d<\/strong><\/em>, explic\u00f3 L\u00f3pez. A diferencia de ediciones anteriores, este a\u00f1o el evento contar\u00e1 con la participaci\u00f3n de varios colegios: <em>Esc. 4-144 12 de Agosto, Esc. 4-220 Nicol\u00e1s Luna, Esc. 4-113 Jorge Barraquero y nuevamente el Colegio San Mart\u00edn PS182.<\/em><\/p>\n<p data-start=\"967\" data-end=\"1384\"><strong>La jornada contar\u00e1 con la presencia especial de la vicegobernadora de la provincia, Hebe Casado, quien presidir\u00e1 el simulacro, tal como lo hizo el vicegobernador anterior en la primera edici\u00f3n.<\/strong> En 2023, el senador Walter Marcolini hab\u00eda ocupado ese rol.<\/p>\n<p data-start=\"1386\" data-end=\"1733\">La iniciativa busca fomentar el pensamiento cr\u00edtico, el debate y la participaci\u00f3n democr\u00e1tica en los j\u00f3venes. La actividad no es obligatoria ni limitada a un curso espec\u00edfico:<strong><em> \u201cLes proponemos esta y muchas otras actividades, y ellos eligen libremente si quieren participar. Esto es lo valioso: que lo hacen por inter\u00e9s propio\u201d<\/em><\/strong>, destac\u00f3 la docente.<\/p>\n<p data-start=\"1735\" data-end=\"2201\">Adem\u00e1s de las actividades educativas, la <em>Escuela de Agricultura<\/em> recibi\u00f3 una significativa donaci\u00f3n de parte de la familia Lugea, integrada por cinco exalumnos del establecimiento.<em><strong> \u201cNos donaron un container que vamos a transformar en una nueva cantina para las Olimp\u00edadas y otros proyectos escolares\u201d<\/strong><\/em>, coment\u00f3 L\u00f3pez. Tambi\u00e9n record\u00f3 con emoci\u00f3n que a fines del a\u00f1o pasado, una promoci\u00f3n que cumpli\u00f3 50 a\u00f1os de egresados don\u00f3 un compresor para la bodega de la escuela.<\/p>\n<p data-start=\"1735\" data-end=\"2201\"><img loading=\"lazy\" decoding=\"async\" class=\"aligncenter\" src=\"https:\/\/scontent.fmdz5-1.fna.fbcdn.net\/v\/t39.30808-6\/495312634_1148513960414259_3394356764535111721_n.jpg?_nc_cat=101&amp;ccb=1-7&amp;_nc_sid=127cfc&amp;_nc_eui2=AeGXwsMN4LiPF6NrBHwByY9Nx6AqLvJcvNLHoCou8ly80t6Xou1adYA9QFWFJ_x1j_hwsFGgQD436tBoLSiJb7Zs&amp;_nc_ohc=N9K_LoVrqKEQ7kNvwHpjdqo&amp;_nc_oc=AdmLxk4FACib0jFGTTOE-LLJUIfH2UkGXCn2TqQRMpO3_Um-KhE9_iKeuLGs6TUsoxQ&amp;_nc_zt=23&amp;_nc_ht=scontent.fmdz5-1.fna&amp;_nc_gid=XQrBLfnjTIb661-P6i30Gw&amp;oh=00_AfOAFzT3gonoCf5ymNg-5r4FBpErhWwgVsVIqtB2IkXpbw&amp;oe=6848C700\" alt=\"Puede ser una imagen de 1 persona y texto\" width=\"597\" height=\"598\" \/><\/p>\n<p data-start=\"2203\" data-end=\"2403\"><strong><em>\u201cEstos gestos de nuestros egresados nos llenan el coraz\u00f3n. Son una muestra de gratitud y compromiso con esta instituci\u00f3n que sigue creciendo y apostando por la educaci\u00f3n p\u00fablica de calidad\u201d<\/em><\/strong>, concluy\u00f3.<\/p>\n<p data-start=\"2405\" data-end=\"2601\" data-is-last-node=\"\" data-is-only-node=\"\">La comunidad educativa y el p\u00fablico en general est\u00e1n invitados a presenciar la sesi\u00f3n simulada, una experiencia que promete ser enriquecedora tanto para los estudiantes como para los espectadores.<\/p>\n","protected":false},"excerpt":{"rendered":"<p>La Escuela de Agricultura de la UNCuyo ser\u00e1 nuevamente sede de una iniciativa educativa \u00fanica en la regi\u00f3n: la tercera edici\u00f3n &#8230;<\/p>\n","protected":false},"author":7,"featured_media":149295,"comment_status":"open","ping_status":"open","sticky":false,"template":"","format":"standard","meta":{"footnotes":""},"categories":[1],"tags":[],"class_list":["post-149299","post","type-post","status-publish","format-standard","has-post-thumbnail","hentry","category-fmvinas"],"_links":{"self":[{"href":"https:\/\/vinasfm.com\/noticias\/wp-json\/wp\/v2\/posts\/149299","targetHints":{"allow":["GET"]}}],"collection":[{"href":"https:\/\/vinasfm.com\/noticias\/wp-json\/wp\/v2\/posts"}],"about":[{"href":"https:\/\/vinasfm.com\/noticias\/wp-json\/wp\/v2\/types\/post"}],"author":[{"embeddable":true,"href":"https:\/\/vinasfm.com\/noticias\/wp-json\/wp\/v2\/users\/7"}],"replies":[{"embeddable":true,"href":"https:\/\/vinasfm.com\/noticias\/wp-json\/wp\/v2\/comments?post=149299"}],"version-history":[{"count":1,"href":"https:\/\/vinasfm.com\/noticias\/wp-json\/wp\/v2\/posts\/149299\/revisions"}],"predecessor-version":[{"id":149300,"href":"https:\/\/vinasfm.com\/noticias\/wp-json\/wp\/v2\/posts\/149299\/revisions\/149300"}],"wp:featuredmedia":[{"embeddable":true,"href":"https:\/\/vinasfm.com\/noticias\/wp-json\/wp\/v2\/media\/149295"}],"wp:attachment":[{"href":"https:\/\/vinasfm.com\/noticias\/wp-json\/wp\/v2\/media?parent=149299"}],"wp:term":[{"taxonomy":"category","embeddable":true,"href":"https:\/\/vinasfm.com\/noticias\/wp-json\/wp\/v2\/categories?post=149299"},{"taxonomy":"post_tag","embeddable":true,"href":"https:\/\/vinasfm.com\/noticias\/wp-json\/wp\/v2\/tags?post=149299"}],"curies":[{"name":"wp","href":"https:\/\/api.w.org\/{rel}","templated":true}]}}