{"id":149281,"date":"2025-06-06T08:14:08","date_gmt":"2025-06-06T11:14:08","guid":{"rendered":"https:\/\/vinasfm.com\/noticias\/?p=149281"},"modified":"2025-06-06T08:14:08","modified_gmt":"2025-06-06T11:14:08","slug":"ganaderia-refuerza-controles-en-el-traslado-de-alimentos-de-origen-animal","status":"publish","type":"post","link":"https:\/\/vinasfm.com\/noticias\/ganaderia-refuerza-controles-en-el-traslado-de-alimentos-de-origen-animal\/","title":{"rendered":"GANADER\u00cdA REFUERZA CONTROLES EN EL TRASLADO DE ALIMENTOS DE ORIGEN ANIMAL"},"content":{"rendered":"<h4><span style=\"color: #003300;\"><strong>Desde el \u00e1rea dependiente de la cartera de Producci\u00f3n, junto a efectivos de la Polic\u00eda Rural, se avanz\u00f3 en la medida tendiente a resguardar la salud p\u00fablica. Habilitaci\u00f3n del veh\u00edculo, procedencia y destino, rotulado y temperatura acorde, son algunas de las exigencias a cumplir.<\/strong><\/span><\/h4>\n<p>El <strong>Ministerio de Producci\u00f3n<\/strong>, a trav\u00e9s de la <strong>Direcci\u00f3n de Ganader\u00eda<\/strong>, en conjunto con efectivos de la <strong>Polic\u00eda Rural del Ministerio de Seguridad y Justicia<\/strong>, refuerza controles en el traslado de alimentos de origen animal.<\/p>\n<p>Seg\u00fan detallaron desde el \u00e1rea, la medida tiene por objetivo resguardar la salud p\u00fablica. Entre las exigencias, se encuentran la habilitaci\u00f3n del veh\u00edculo, permiso de tr\u00e1nsito y documentaci\u00f3n de procedencia y destino de los productos, rotulado en los productos y temperatura acorde.<\/p>\n<p>Adem\u00e1s, el control en rutas implica contar con la identificaci\u00f3n del veh\u00edculo con la leyenda <strong><em>\u201ctransporte de productos alimenticios\u201d<\/em><\/strong> y las condiciones higi\u00e9nico-sanitarias adecuadas.<\/p>\n<p>Consultadas las autoridades sobre cu\u00e1les son las medidas que se toman cuando alguna de estas exigencias no se cumple, comentaron: <em><strong>\u201cCualquier incumplimiento de lo antes citado ser\u00e1 motivo para que el personal del \u00e1rea de implementaci\u00f3n de la Ley Federal de Carnes avance en las sanciones correspondientes\u201d.<\/strong><\/em><\/p>\n<p>El \u00faltimo control se llev\u00f3 a cabo en la ruta nacional 143 esquina calle 9 y fue el segundo que se hab\u00eda implementado. Como resultado, desde Ganader\u00eda detallaron: <em><strong>\u201cDurante el primer control se labraron unas 15 actas de infracci\u00f3n, mientras que este \u00faltimo se registraron otras 5 actas por parte de la direcci\u00f3n\u201d.<\/strong><\/em><\/p>\n<p>Entre los detalles de las actas se detect\u00f3 falta de habilitaci\u00f3n o bien habilitaciones que ya estaban vencidas. <strong><em>\u201cTambi\u00e9n \u00edbamos notificando aquellos detalles en el transporte de la mercader\u00eda que se iban observando y que se inclu\u00edan en el acta\u201d<\/em><\/strong>, remarcaron.<\/p>\n<p>Por su parte, <span style=\"color: #003366;\"><strong>Francisco R\u00edos<\/strong><\/span>, <em>director de Ganader\u00eda de la Provincia<\/em>, agreg\u00f3: <strong><em>\u201cEstos controles sorpresa son implementados para verificar que se d\u00e9 cumplimiento a todas las normas vigentes, sobre todo porque estamos trabajando para la salubridad de los alimentos que consume nuestra poblaci\u00f3n\u201d.<\/em><\/strong><\/p>\n<p><strong><em>\u201cTambi\u00e9n vamos a controlar mucho el origen y la procedencia de los productos que transportan. Se aplicar\u00e1n todas las sanciones que sean necesarias a los efectos de hacer cumplir las normativas\u201d<\/em><\/strong>, cerr\u00f3 el funcionario.<\/p>\n","protected":false},"excerpt":{"rendered":"<p>Desde el \u00e1rea dependiente de la cartera de Producci\u00f3n, junto a efectivos de la Polic\u00eda Rural, se avanz\u00f3 en la medida &#8230;<\/p>\n","protected":false},"author":7,"featured_media":149282,"comment_status":"open","ping_status":"open","sticky":false,"template":"","format":"standard","meta":{"footnotes":""},"categories":[1],"tags":[],"class_list":["post-149281","post","type-post","status-publish","format-standard","has-post-thumbnail","hentry","category-fmvinas"],"_links":{"self":[{"href":"https:\/\/vinasfm.com\/noticias\/wp-json\/wp\/v2\/posts\/149281","targetHints":{"allow":["GET"]}}],"collection":[{"href":"https:\/\/vinasfm.com\/noticias\/wp-json\/wp\/v2\/posts"}],"about":[{"href":"https:\/\/vinasfm.com\/noticias\/wp-json\/wp\/v2\/types\/post"}],"author":[{"embeddable":true,"href":"https:\/\/vinasfm.com\/noticias\/wp-json\/wp\/v2\/users\/7"}],"replies":[{"embeddable":true,"href":"https:\/\/vinasfm.com\/noticias\/wp-json\/wp\/v2\/comments?post=149281"}],"version-history":[{"count":2,"href":"https:\/\/vinasfm.com\/noticias\/wp-json\/wp\/v2\/posts\/149281\/revisions"}],"predecessor-version":[{"id":149308,"href":"https:\/\/vinasfm.com\/noticias\/wp-json\/wp\/v2\/posts\/149281\/revisions\/149308"}],"wp:featuredmedia":[{"embeddable":true,"href":"https:\/\/vinasfm.com\/noticias\/wp-json\/wp\/v2\/media\/149282"}],"wp:attachment":[{"href":"https:\/\/vinasfm.com\/noticias\/wp-json\/wp\/v2\/media?parent=149281"}],"wp:term":[{"taxonomy":"category","embeddable":true,"href":"https:\/\/vinasfm.com\/noticias\/wp-json\/wp\/v2\/categories?post=149281"},{"taxonomy":"post_tag","embeddable":true,"href":"https:\/\/vinasfm.com\/noticias\/wp-json\/wp\/v2\/tags?post=149281"}],"curies":[{"name":"wp","href":"https:\/\/api.w.org\/{rel}","templated":true}]}}