{"id":149266,"date":"2025-06-05T12:13:45","date_gmt":"2025-06-05T15:13:45","guid":{"rendered":"https:\/\/vinasfm.com\/noticias\/?p=149266"},"modified":"2025-06-06T10:19:27","modified_gmt":"2025-06-06T13:19:27","slug":"el-presidente-javier-milei-elogio-al-sector-agropecuario-en-una-nota-enviada-a-la-camara-de-alvear","status":"publish","type":"post","link":"https:\/\/vinasfm.com\/noticias\/el-presidente-javier-milei-elogio-al-sector-agropecuario-en-una-nota-enviada-a-la-camara-de-alvear\/","title":{"rendered":"EL PRESIDENTE JAVIER MILEI ELOGI\u00d3 AL SECTOR AGROPECUARIO EN UNA NOTA ENVIADA A LA C\u00c1MARA DE ALVEAR"},"content":{"rendered":"<p><span style=\"color: #003300;\"><strong>En una carta dirigida a la C\u00e1mara de Comercio de General Alvear, el presidente Javier Milei destac\u00f3 el papel que desempe\u00f1a la instituci\u00f3n en la organizaci\u00f3n de la Fiesta Nacional de la Ganader\u00eda con la cual impulsa el desarrollo del sector agropecuario y productivo.<\/strong><\/span><\/p>\n<p>En la nota, el Jefe de Estado insisti\u00f3 en que el campo <em>\u201cno es un pozo sin fondo de recursos para financiar proyectos pol\u00edticos\u201d<\/em> sino que es un<strong><em> \u201cfiel representante de los valores que hacen grande a nuestra Patria\u201d.<\/em><\/strong><\/p>\n<p>La misiva del presidente Milei se dio en el marco de la realizaci\u00f3n de la 44\u00b0 Fiesta Nacional de la Ganader\u00eda de Zonas \u00c1ridas que se desarroll\u00f3 en mayo y lleg\u00f3 hasta la entidad por intermedio del Ministerio de Defensa que conduce el mendocino <strong><span style=\"color: #003366;\">Luis Petri.<\/span><\/strong><\/p>\n<p>Ante la imposibilidad de participar del <strong>Almuerzo Tradicional de la fiesta ganadera<\/strong>, <span style=\"color: #003366;\"><strong>Javier Milei<\/strong><\/span> destac\u00f3 a los ganaderos como ejemplos de trabajo, dedicaci\u00f3n e innovaci\u00f3n, subrayando su papel como custodios de las tradiciones argentinas.<\/p>\n<p>Par concluir, el presidente resalt\u00f3 el compromiso del sector agropecuario con \u201cese futuro que estamos construyendo entre todos, como lo demuestran d\u00eda a d\u00eda produciendo alimento para m\u00e1s de 500 millones de personas\u201d.<\/p>\n<p class=\"has-medium-font-size\"><strong>La carta completa del presidente Javier Milei<\/strong><\/p>\n<p>ESTIMADOS INTEGRANTES DE LA C\u00c1MARA DE COMERCIO Y PUEBLO DE GENERAL ALVEAR:<\/p>\n<p>Me dirijo a ustedes para agradecer la invitaci\u00f3n que me enviaran para participar del tradicional almuerzo de la Fiesta Nacional de la Ganader\u00eda.<\/p>\n<p>Lamentablemente, actividades asumidas con anterioridad me impiden acompa\u00f1arlos en esta especial ocasi\u00f3n, como hubiera querido. No obstante, deseo hacerles llegar mi reconocimiento por el valioso aporte que realiza el sector ganadero al desarrollo productivo y econ\u00f3mico de nuestro pa\u00eds.<\/p>\n<p>Tanto yo como otros funcionarios hemos expresado en varias ocasiones que este gobierno, lejos de considerar al campo un enemigo p\u00fablico, o un pozo sin fondo de recursos para financiar proyectos pol\u00edticos, considera a la actividad agropecuaria una fiel representante de los valores que hacen grande a nuestra Patria.<\/p>\n<p>Siendo un ejemplo de trabajo, dedicaci\u00f3n e ingenio, ustedes son el orgullo del pueblo argentino. Simult\u00e1neamente innovadores y guardianes de la tradici\u00f3n, custodian nuestras ra\u00edces mientras nos proyectan hacia ese futuro que estamos construyendo entre todos, como lo demuestran d\u00eda a d\u00eda produciendo alimento para m\u00e1s de 500 millones de personas.<\/p>\n<p>Deseando que compartan una celebraci\u00f3n exitosa, les env\u00edo mis afectuosos saludos.<\/p>\n<p><a href=\"https:\/\/vinasfm.com\/noticias\/wp-content\/uploads\/2025\/06\/milei-3.webp\"><img loading=\"lazy\" decoding=\"async\" class=\"aligncenter wp-image-149267 size-large\" src=\"https:\/\/vinasfm.com\/noticias\/wp-content\/uploads\/2025\/06\/milei-3-787x1024.webp\" alt=\"\" width=\"787\" height=\"1024\" srcset=\"https:\/\/vinasfm.com\/noticias\/wp-content\/uploads\/2025\/06\/milei-3-787x1024.webp 787w, https:\/\/vinasfm.com\/noticias\/wp-content\/uploads\/2025\/06\/milei-3-231x300.webp 231w, https:\/\/vinasfm.com\/noticias\/wp-content\/uploads\/2025\/06\/milei-3-768x999.webp 768w, https:\/\/vinasfm.com\/noticias\/wp-content\/uploads\/2025\/06\/milei-3.webp 853w\" sizes=\"auto, (max-width: 787px) 100vw, 787px\" \/><\/a><\/p>\n","protected":false},"excerpt":{"rendered":"<p>En una carta dirigida a la C\u00e1mara de Comercio de General Alvear, el presidente Javier Milei destac\u00f3 el papel que desempe\u00f1a &#8230;<\/p>\n","protected":false},"author":7,"featured_media":149268,"comment_status":"open","ping_status":"open","sticky":false,"template":"","format":"standard","meta":{"footnotes":""},"categories":[32,10],"tags":[],"class_list":["post-149266","post","type-post","status-publish","format-standard","has-post-thumbnail","hentry","category-camara-de-comercio","category-destacadas"],"_links":{"self":[{"href":"https:\/\/vinasfm.com\/noticias\/wp-json\/wp\/v2\/posts\/149266","targetHints":{"allow":["GET"]}}],"collection":[{"href":"https:\/\/vinasfm.com\/noticias\/wp-json\/wp\/v2\/posts"}],"about":[{"href":"https:\/\/vinasfm.com\/noticias\/wp-json\/wp\/v2\/types\/post"}],"author":[{"embeddable":true,"href":"https:\/\/vinasfm.com\/noticias\/wp-json\/wp\/v2\/users\/7"}],"replies":[{"embeddable":true,"href":"https:\/\/vinasfm.com\/noticias\/wp-json\/wp\/v2\/comments?post=149266"}],"version-history":[{"count":2,"href":"https:\/\/vinasfm.com\/noticias\/wp-json\/wp\/v2\/posts\/149266\/revisions"}],"predecessor-version":[{"id":149272,"href":"https:\/\/vinasfm.com\/noticias\/wp-json\/wp\/v2\/posts\/149266\/revisions\/149272"}],"wp:featuredmedia":[{"embeddable":true,"href":"https:\/\/vinasfm.com\/noticias\/wp-json\/wp\/v2\/media\/149268"}],"wp:attachment":[{"href":"https:\/\/vinasfm.com\/noticias\/wp-json\/wp\/v2\/media?parent=149266"}],"wp:term":[{"taxonomy":"category","embeddable":true,"href":"https:\/\/vinasfm.com\/noticias\/wp-json\/wp\/v2\/categories?post=149266"},{"taxonomy":"post_tag","embeddable":true,"href":"https:\/\/vinasfm.com\/noticias\/wp-json\/wp\/v2\/tags?post=149266"}],"curies":[{"name":"wp","href":"https:\/\/api.w.org\/{rel}","templated":true}]}}