{"id":149259,"date":"2025-06-05T11:45:44","date_gmt":"2025-06-05T14:45:44","guid":{"rendered":"https:\/\/vinasfm.com\/noticias\/?p=149259"},"modified":"2025-06-06T08:45:27","modified_gmt":"2025-06-06T11:45:27","slug":"ultimos-dias-para-inscribirse-en-la-tecnicatura-universitaria-en-produccion-vegetal-intensiva","status":"publish","type":"post","link":"https:\/\/vinasfm.com\/noticias\/ultimos-dias-para-inscribirse-en-la-tecnicatura-universitaria-en-produccion-vegetal-intensiva\/","title":{"rendered":"\u00daLTIMOS D\u00cdAS PARA INSCRIBIRSE EN LA TECNICATURA UNIVERSITARIA EN PRODUCCI\u00d3N VEGETAL INTENSIVA"},"content":{"rendered":"<h4 data-start=\"97\" data-end=\"436\"><span style=\"color: #003300;\"><strong>En di\u00e1logo con FM VI\u00d1AS, el director de Educaci\u00f3n, Jos\u00e9 Mor\u00e1n, record\u00f3 a la comunidad que este viernes vence el plazo para inscribirse en la Tecnicatura Universitaria en Producci\u00f3n Vegetal Intensiva, una carrera de pregrado gratuita y a distancia, fruto de un convenio con la Universidad Nacional de Mar del Plata.<\/strong><\/span><\/h4>\n<p data-start=\"438\" data-end=\"854\"><strong><em>\u201cTenemos tiempo hasta este viernes, 6 de junio, para inscribir a todos los interesados. Es una gran oportunidad para los alvearenses\u201d<\/em><\/strong>, expres\u00f3 Mor\u00e1n. Esta tecnicatura tiene una duraci\u00f3n de <strong data-start=\"642\" data-end=\"662\">dos a\u00f1os y medio<\/strong>, es <strong data-start=\"667\" data-end=\"690\">totalmente gratuita<\/strong> y se cursa <strong data-start=\"702\" data-end=\"717\">a distancia<\/strong>, con la mayor\u00eda de las materias en modalidad asincr\u00f3nica. Esto permite que quienes trabajan puedan estudiar sin complicaciones horarias.<\/p>\n<p data-start=\"856\" data-end=\"1151\">La carrera est\u00e1 orientada al desarrollo agropecuario local, con contenidos espec\u00edficos sobre <strong data-start=\"949\" data-end=\"994\">hortalizas, frutas y plantas ornamentales<\/strong>, y est\u00e1 dise\u00f1ada para que los egresados puedan desempe\u00f1arse en asesoramiento t\u00e9cnico, proyectos productivos, gerenciamiento y promoci\u00f3n del sector agr\u00edcola.<\/p>\n<p data-start=\"1153\" data-end=\"1364\"><em><strong>\u201cEs una carrera pensada para nuestra zona y con pr\u00e1cticas que se realizar\u00e1n en fincas locales o en instituciones educativas vinculadas al agro, gracias a convenios gestionados con la Universidad\u201d<\/strong><\/em>, destac\u00f3 Mor\u00e1n.<\/p>\n<p data-start=\"1366\" data-end=\"1649\">Quienes deseen inscribirse deben acercarse personalmente a la Direcci\u00f3n de Educaci\u00f3n.<em><strong> \u201cNosotros los ayudamos a completar el proceso en la plataforma de la universidad. Es necesario contar con su n\u00famero de tel\u00e9fono y correo electr\u00f3nico para continuar con la inscripci\u00f3n\u201d<\/strong><\/em>, detall\u00f3.<\/p>\n<p data-start=\"1651\" data-end=\"1869\">Hasta el momento, ya hay aproximadamente 26 inscriptos. <strong><em>\u201cUna vez finalizado el proceso, se arma el legajo y se env\u00eda a la <a href=\"https:\/\/fca.mdp.edu.ar\/carreras\/tecnicatura-universitaria-en-producciones-vegetales-intensivas\/#:~:text=Brinda%20la%20posibilidad%2C%20a%20nivel,as%C3%AD%20tambi%C3%A9n%20otras%20actividades%20afines.\">Universidad de Mar del Plata<\/a> para la gesti\u00f3n administrativa correspondiente\u201d<\/em><\/strong>, explic\u00f3 el funcionario.<\/p>\n<p data-start=\"1871\" data-end=\"2143\">Finalmente, Mor\u00e1n anim\u00f3 a no dejar pasar esta oportunidad: <strong><em>\u201cEs una carrera con t\u00edtulo nacional, gratuita, adaptada a las necesidades productivas de nuestra regi\u00f3n. Queremos seguir trayendo m\u00e1s propuestas educativas para General Alvear, y esta es una excelente opci\u00f3n\u201d.<\/em><\/strong><\/p>\n<p data-start=\"2145\" data-end=\"2245\" data-is-last-node=\"\" data-is-only-node=\"\"><strong data-start=\"2145\" data-end=\"2196\">La inscripci\u00f3n finaliza el viernes 6 de junio<\/strong>, en la Direcci\u00f3n de Educaci\u00f3n de General Alvear.<\/p>\n","protected":false},"excerpt":{"rendered":"<p>En di\u00e1logo con FM VI\u00d1AS, el director de Educaci\u00f3n, Jos\u00e9 Mor\u00e1n, record\u00f3 a la comunidad que este viernes vence el plazo &#8230;<\/p>\n","protected":false},"author":7,"featured_media":149261,"comment_status":"open","ping_status":"open","sticky":false,"template":"","format":"standard","meta":{"footnotes":""},"categories":[14,18],"tags":[],"class_list":["post-149259","post","type-post","status-publish","format-standard","has-post-thumbnail","hentry","category-agro","category-educacion"],"_links":{"self":[{"href":"https:\/\/vinasfm.com\/noticias\/wp-json\/wp\/v2\/posts\/149259","targetHints":{"allow":["GET"]}}],"collection":[{"href":"https:\/\/vinasfm.com\/noticias\/wp-json\/wp\/v2\/posts"}],"about":[{"href":"https:\/\/vinasfm.com\/noticias\/wp-json\/wp\/v2\/types\/post"}],"author":[{"embeddable":true,"href":"https:\/\/vinasfm.com\/noticias\/wp-json\/wp\/v2\/users\/7"}],"replies":[{"embeddable":true,"href":"https:\/\/vinasfm.com\/noticias\/wp-json\/wp\/v2\/comments?post=149259"}],"version-history":[{"count":2,"href":"https:\/\/vinasfm.com\/noticias\/wp-json\/wp\/v2\/posts\/149259\/revisions"}],"predecessor-version":[{"id":149315,"href":"https:\/\/vinasfm.com\/noticias\/wp-json\/wp\/v2\/posts\/149259\/revisions\/149315"}],"wp:featuredmedia":[{"embeddable":true,"href":"https:\/\/vinasfm.com\/noticias\/wp-json\/wp\/v2\/media\/149261"}],"wp:attachment":[{"href":"https:\/\/vinasfm.com\/noticias\/wp-json\/wp\/v2\/media?parent=149259"}],"wp:term":[{"taxonomy":"category","embeddable":true,"href":"https:\/\/vinasfm.com\/noticias\/wp-json\/wp\/v2\/categories?post=149259"},{"taxonomy":"post_tag","embeddable":true,"href":"https:\/\/vinasfm.com\/noticias\/wp-json\/wp\/v2\/tags?post=149259"}],"curies":[{"name":"wp","href":"https:\/\/api.w.org\/{rel}","templated":true}]}}