{"id":149251,"date":"2025-06-05T11:09:05","date_gmt":"2025-06-05T14:09:05","guid":{"rendered":"https:\/\/vinasfm.com\/noticias\/?p=149251"},"modified":"2025-06-06T08:56:38","modified_gmt":"2025-06-06T11:56:38","slug":"general-alvear-aclara-su-compromiso-con-la-lucha-antigranizo-y-cuestiona-operaciones-politicas-desde-san-rafael","status":"publish","type":"post","link":"https:\/\/vinasfm.com\/noticias\/general-alvear-aclara-su-compromiso-con-la-lucha-antigranizo-y-cuestiona-operaciones-politicas-desde-san-rafael\/","title":{"rendered":"GENERAL ALVEAR ACLARA SU COMPROMISO CON LA LUCHA ANTIGRANIZO Y CUESTIONA OPERACIONES POL\u00cdTICAS DESDE SAN RAFAEL"},"content":{"rendered":"<h4 data-start=\"117\" data-end=\"507\"><span style=\"color: #003300;\"><strong>En una conferencia de prensa encabezada por el Secretario de Hacienda, Jorge De Nardi, y el Director de Agricultura, Agust\u00edn Anzorena, el municipio de General Alvear brind\u00f3 detalles sobre el Sistema de Lucha Antigranizo, en respuesta a versiones difundidas en redes sociales que cuestionaban el aporte econ\u00f3mico de la comuna al fideicomiso provincial.<\/strong><\/span><\/h4>\n<p data-start=\"509\" data-end=\"974\"><span style=\"color: #003366;\"><strong>Agust\u00edn Anzorena<\/strong><\/span> inici\u00f3 la conferencia aclarando que el mensaje viralizado recientemente en San Rafael conten\u00eda <strong><em>\u201cinformaci\u00f3n falsa y tendenciosa\u201d<\/em><\/strong>. Explic\u00f3 que el fideicomiso para la lucha antigranizo fue conformado con un aporte provincial de 1.800 millones de pesos \u2014ya transferidos en su totalidad\u2014, mientras que San Rafael deb\u00eda aportar 1.060 millones <em>(de los cuales ha pagado 887 millones)<\/em> y General Alvear, 530 millones <em>(de los cuales ha abonado 457 millones)<\/em>.<\/p>\n<p data-start=\"976\" data-end=\"1491\"><em><strong>\u201cSiempre fuimos cautelosos con este tema, que es muy sensible, y evitamos politizarlo. Pero en los \u00faltimos d\u00edas, desde sectores opositores de San Rafael, se lanz\u00f3 una campa\u00f1a con mentiras burdas, como decir que Alvear debe 590 millones cuando el compromiso era de 530\u201d<\/strong><\/em>, se\u00f1al\u00f3 Anzorena. <strong><em>\u201cAlvear siempre fue el que impuls\u00f3 sostener el sistema. Desde San Rafael solo reaccionaron cuando el granizo afect\u00f3 Monte Com\u00e1n. Si nos hubieran apoyado desde el principio, los da\u00f1os all\u00ed hubieran sido m\u00ednimos\u201d<\/em><\/strong>, afirm\u00f3.<\/p>\n<div id=\"attachment_149256\" style=\"width: 888px\" class=\"wp-caption aligncenter\"><a href=\"https:\/\/vinasfm.com\/noticias\/wp-content\/uploads\/2025\/06\/Imagen-de-WhatsApp-2025-06-05-a-las-10.40.56_23dc1475.jpg\"><img loading=\"lazy\" decoding=\"async\" aria-describedby=\"caption-attachment-149256\" class=\"wp-image-149256\" src=\"https:\/\/vinasfm.com\/noticias\/wp-content\/uploads\/2025\/06\/Imagen-de-WhatsApp-2025-06-05-a-las-10.40.56_23dc1475-1024x577.jpg\" alt=\"\" width=\"888\" height=\"500\" srcset=\"https:\/\/vinasfm.com\/noticias\/wp-content\/uploads\/2025\/06\/Imagen-de-WhatsApp-2025-06-05-a-las-10.40.56_23dc1475-1024x577.jpg 1024w, https:\/\/vinasfm.com\/noticias\/wp-content\/uploads\/2025\/06\/Imagen-de-WhatsApp-2025-06-05-a-las-10.40.56_23dc1475-300x169.jpg 300w, https:\/\/vinasfm.com\/noticias\/wp-content\/uploads\/2025\/06\/Imagen-de-WhatsApp-2025-06-05-a-las-10.40.56_23dc1475-768x432.jpg 768w, https:\/\/vinasfm.com\/noticias\/wp-content\/uploads\/2025\/06\/Imagen-de-WhatsApp-2025-06-05-a-las-10.40.56_23dc1475-1536x865.jpg 1536w, https:\/\/vinasfm.com\/noticias\/wp-content\/uploads\/2025\/06\/Imagen-de-WhatsApp-2025-06-05-a-las-10.40.56_23dc1475-1140x641.jpg 1140w, https:\/\/vinasfm.com\/noticias\/wp-content\/uploads\/2025\/06\/Imagen-de-WhatsApp-2025-06-05-a-las-10.40.56_23dc1475.jpg 1600w\" sizes=\"auto, (max-width: 888px) 100vw, 888px\" \/><\/a><p id=\"caption-attachment-149256\" class=\"wp-caption-text\">El Secretario de Hacienda, Jorge De Nardi, y el Director de Agricultura, Agust\u00edn Anzorena, en conferencia de prensa.<\/p><\/div>\n<p data-start=\"1493\" data-end=\"1813\">Anzorena tambi\u00e9n enfatiz\u00f3 que la deuda actual no pone en peligro la continuidad del sistema, ya que el servicio de lucha antigranizo concluy\u00f3 el 11 de abril. <strong><em>\u201cLo que s\u00ed puede peligrar es el futuro del sistema si seguimos tratando con actores pol\u00edticos que solo buscan chicanas y no colaboran en forma genuina\u201d<\/em><\/strong>, advirti\u00f3.<\/p>\n<p data-start=\"1815\" data-end=\"2165\">Por su parte, el <em>Secretario de Hacienda<\/em> <span style=\"color: #003366;\"><strong>Jorge De Nardi<\/strong><\/span> brind\u00f3 un detalle exhaustivo de los aportes realizados por General Alvear. Indic\u00f3 que el municipio ha transferido un total de <strong data-start=\"1996\" data-end=\"2017\">457.819.256 pesos<\/strong> al fideicomiso, de los cuales <strong data-start=\"2048\" data-end=\"2111\">257 millones provienen de la tasa por uso del espacio a\u00e9reo<\/strong> y <strong data-start=\"2114\" data-end=\"2150\">200 millones de recursos propios<\/strong> del municipio.<\/p>\n<p data-start=\"2167\" data-end=\"2572\">De Nardi explic\u00f3 que los fondos recaudados por los vecinos a trav\u00e9s de la factura de energ\u00eda \u2014<em>mediante las cooperativas Cecsagal y COSPAC<\/em>\u2014 no alcanzan a cubrir el total del compromiso, por lo que la comuna ha tenido que complementar con recursos genuinos. <em><strong>\u00abSab\u00edamos que el aporte de los usuarios no iba a ser suficiente desde el inicio. Por eso el municipio se comprometi\u00f3 a cubrir la diferencia\u00bb<\/strong><\/em>, aclar\u00f3.<\/p>\n<p data-start=\"2574\" data-end=\"2922\">Sobre un documento atribuido a Mendoza Fiduciaria que menciona una supuesta deuda de Alvear superior a los 500 millones de pesos, De Nardi fue contundente:<em><strong> \u201cEse documento no es fidedigno. Se habla de un aporte de 1.500 millones que no tiene sustento t\u00e9cnico ni contable. No hay manera que estemos debiendo 590 millones si el compromiso era de 530\u201d.<\/strong><\/em><\/p>\n<p data-start=\"2924\" data-end=\"3302\" data-is-last-node=\"\" data-is-only-node=\"\">Finalmente, ambos funcionarios ratificaron que la ordenanza que habilit\u00f3 la recaudaci\u00f3n a trav\u00e9s de la factura el\u00e9ctrica ser\u00e1 dada de baja autom\u00e1ticamente una vez se cubra el monto total del sistema. <strong><em>\u201cNo vamos a recaudar un peso de m\u00e1s. Esto fue un compromiso pol\u00edtico y financiero claro del intendente y de toda la gesti\u00f3n. Que los vecinos est\u00e9n tranquilos\u201d<\/em><\/strong>, concluy\u00f3 Anzorena.<\/p>\n","protected":false},"excerpt":{"rendered":"<p>En una conferencia de prensa encabezada por el Secretario de Hacienda, Jorge De Nardi, y el Director de Agricultura, Agust\u00edn Anzorena, &#8230;<\/p>\n","protected":false},"author":7,"featured_media":149252,"comment_status":"open","ping_status":"open","sticky":false,"template":"","format":"standard","meta":{"footnotes":""},"categories":[197,78],"tags":[],"class_list":["post-149251","post","type-post","status-publish","format-standard","has-post-thumbnail","hentry","category-lucha-antigranizo","category-municipalidad"],"_links":{"self":[{"href":"https:\/\/vinasfm.com\/noticias\/wp-json\/wp\/v2\/posts\/149251","targetHints":{"allow":["GET"]}}],"collection":[{"href":"https:\/\/vinasfm.com\/noticias\/wp-json\/wp\/v2\/posts"}],"about":[{"href":"https:\/\/vinasfm.com\/noticias\/wp-json\/wp\/v2\/types\/post"}],"author":[{"embeddable":true,"href":"https:\/\/vinasfm.com\/noticias\/wp-json\/wp\/v2\/users\/7"}],"replies":[{"embeddable":true,"href":"https:\/\/vinasfm.com\/noticias\/wp-json\/wp\/v2\/comments?post=149251"}],"version-history":[{"count":3,"href":"https:\/\/vinasfm.com\/noticias\/wp-json\/wp\/v2\/posts\/149251\/revisions"}],"predecessor-version":[{"id":149257,"href":"https:\/\/vinasfm.com\/noticias\/wp-json\/wp\/v2\/posts\/149251\/revisions\/149257"}],"wp:featuredmedia":[{"embeddable":true,"href":"https:\/\/vinasfm.com\/noticias\/wp-json\/wp\/v2\/media\/149252"}],"wp:attachment":[{"href":"https:\/\/vinasfm.com\/noticias\/wp-json\/wp\/v2\/media?parent=149251"}],"wp:term":[{"taxonomy":"category","embeddable":true,"href":"https:\/\/vinasfm.com\/noticias\/wp-json\/wp\/v2\/categories?post=149251"},{"taxonomy":"post_tag","embeddable":true,"href":"https:\/\/vinasfm.com\/noticias\/wp-json\/wp\/v2\/tags?post=149251"}],"curies":[{"name":"wp","href":"https:\/\/api.w.org\/{rel}","templated":true}]}}