{"id":149247,"date":"2025-06-05T10:54:04","date_gmt":"2025-06-05T13:54:04","guid":{"rendered":"https:\/\/vinasfm.com\/noticias\/?p=149247"},"modified":"2025-06-06T09:04:03","modified_gmt":"2025-06-06T12:04:03","slug":"comenzo-la-erogacion-de-agua-en-el-rio-atuel","status":"publish","type":"post","link":"https:\/\/vinasfm.com\/noticias\/comenzo-la-erogacion-de-agua-en-el-rio-atuel\/","title":{"rendered":"COMENZ\u00d3 LA EROGACI\u00d3N DE AGUA EN EL R\u00cdO ATUEL POR \u00abPEDIDO DE ALGUNOS REGANTES\u00bb"},"content":{"rendered":"<h4><strong><span style=\"color: #003300;\">Desde las 19:00 horas de la jornada del mi\u00e9rcoles, desde el dique de Valle Grande, se arrojaron 12 m3. En tanto, desde el viernes ser\u00e1n 14 m3.<\/span><\/strong><\/h4>\n<p>Esta desici\u00f3n, en plena corta de invierno, se debe al pedido de algunos inspectores de cauce debido a presuntas nuevas plantaciones de regantes. Asimismo, esto permitirpa que se pueda realizar rafting durante algunos d\u00edas.<\/p>\n<p>Seg\u00fan explic\u00f3 el <span style=\"color: #003366;\"><strong>Ing. Mart\u00edn Hidalgo<\/strong><\/span>, <em>subdelegado de Aguas del R\u00edo Atuel<\/em>. la decisi\u00f3n se tom\u00f3 a ra\u00edz de un pedido de la inspecci\u00f3n de cauce de Malvinas, cuyos regantes poseen cultivos de ajo y otras variedades de invierno que requieren humedad en el suelo para desarrollarse. <em><strong>\u201cEste a\u00f1o se dio un desfasaje muy grande entre el fin del \u00faltimo turno de riego y el inicio de la corta. Las condiciones clim\u00e1ticas no ayudaron y no hubo lluvias, por lo que hubo que adelantar la erogaci\u00f3n\u201d<\/strong><\/em>, detall\u00f3 el funcionario.<\/p>\n<p>Hidalgo aclar\u00f3 que esta acci\u00f3n no implica una entrega extra de agua, ya que cada inspecci\u00f3n lleva una cuenta por superficie regada, y lo utilizado ahora se descontar\u00e1 del volumen total asignado. <em><strong>\u201cNo es algo nuevo; otras veces lo hemos hecho cerca de las vacaciones de julio. Esta vez se adelant\u00f3 por razones excepcionales\u201d<\/strong><\/em>, indic\u00f3 en di\u00e1logo con <span style=\"color: #800080;\"><strong>FM VI\u00d1AS<\/strong><\/span>.<\/p>\n<p>Adem\u00e1s del uso agr\u00edcola, el caudal adicional permitir\u00e1 la pr\u00e1ctica de rafting durante algunos d\u00edas, lo que representa una oportunidad tur\u00edstica en medio del receso habitual.<\/p>\n<p>La medida gener\u00f3 cuestionamientos por parte de algunos productores, pero Hidalgo sostuvo que se trata de una necesidad concreta y puntual de una \u00fanica inspecci\u00f3n, la de Malvinas.<em><strong> \u201cConozco esos reclamos de primera mano. En esta zona no tenemos cultivos invernales de gran escala, a diferencia de Malvinas, donde predominan\u201d<\/strong><\/em>, explic\u00f3.<\/p>\n<h2 class=\"elementor-heading-title elementor-size-default\">El Atuel tiene la corta anual m\u00e1s extensa de Mendoza y el Diamante la m\u00e1s breve<\/h2>\n<p>Por estos d\u00edas comienza la \u201ccorta anual\u201d de los r\u00edos en Mendoza. Desde Irrigaci\u00f3n anunciaron que entre mayo y agosto se realiza el per\u00edodo donde no se realiza erogaci\u00f3n en las cuencas de la provincia.<\/p>\n<p>En todo este per\u00edodo, donde los cultivos necesitan menos agua, las inspecciones de cauce realizan la limpieza anual de la red secundaria, terciaria y desag\u00fces, adem\u00e1s se efect\u00faan diferentes obras de conservaci\u00f3n, mantenimiento y limpieza de los diques de cabecera y derivados internos de la red primaria.<\/p>\n<p><span class=\"sigijh_hlt\">En lo que respecta al sur, el R\u00edo Atuel comenz\u00f3 su corta anual el pasado 1 de mayo y se extender\u00e1 por un per\u00edodo de 106 d\u00edas. De esta manera, no habr\u00e1 erogaciones hasta el pr\u00f3ximo 15 de agosto.<\/span><\/p>\n<p>Una vez m\u00e1s hay que marcar que el R\u00edo Atuel vuelve a tener la corta m\u00e1s prolongada de Mendoza y la \u00fanica que supera el centenar de d\u00edas.<\/p>\n<p>Hay que destacar que, entre El Nihuil y Valle Grande suman un 47% de llenado sobre el total con 159 millones de metros c\u00fabicos acumulados entre ambos<\/p>\n<p>En la cuenca del Diamante la corta ser\u00e1 m\u00e1s corta y durar\u00e1 solo 68 d\u00edas, extendi\u00e9ndose desde el 28 de mayo al 4 de agosto.<\/p>\n<p>Un dato a remarcar es que sus diques comenzar\u00e1n la corta con \u00f3ptimas reservas, ya que entre Agua del Toro y Los Reyunos embalsan el 79% del total con 426 millones de metros c\u00fabicos.<\/p>\n<p><span class=\"sigijh_hlt sigijh_animateMe\">La interrupci\u00f3n del Diamante ser\u00e1 la m\u00e1s corta de la provincia ya que el R\u00edo Mendoza suma 78 d\u00edas, la del Tunuy\u00e1n Superior llega a 90 y la del Tunuy\u00e1n Inferior a 85.<\/span><\/p>\n","protected":false},"excerpt":{"rendered":"<p>Desde las 19:00 horas de la jornada del mi\u00e9rcoles, desde el dique de Valle Grande, se arrojaron 12 m3. En tanto, &#8230;<\/p>\n","protected":false},"author":7,"featured_media":149248,"comment_status":"open","ping_status":"open","sticky":false,"template":"","format":"standard","meta":{"footnotes":""},"categories":[5,10],"tags":[],"class_list":["post-149247","post","type-post","status-publish","format-standard","has-post-thumbnail","hentry","category-actualidad","category-destacadas"],"_links":{"self":[{"href":"https:\/\/vinasfm.com\/noticias\/wp-json\/wp\/v2\/posts\/149247","targetHints":{"allow":["GET"]}}],"collection":[{"href":"https:\/\/vinasfm.com\/noticias\/wp-json\/wp\/v2\/posts"}],"about":[{"href":"https:\/\/vinasfm.com\/noticias\/wp-json\/wp\/v2\/types\/post"}],"author":[{"embeddable":true,"href":"https:\/\/vinasfm.com\/noticias\/wp-json\/wp\/v2\/users\/7"}],"replies":[{"embeddable":true,"href":"https:\/\/vinasfm.com\/noticias\/wp-json\/wp\/v2\/comments?post=149247"}],"version-history":[{"count":4,"href":"https:\/\/vinasfm.com\/noticias\/wp-json\/wp\/v2\/posts\/149247\/revisions"}],"predecessor-version":[{"id":149293,"href":"https:\/\/vinasfm.com\/noticias\/wp-json\/wp\/v2\/posts\/149247\/revisions\/149293"}],"wp:featuredmedia":[{"embeddable":true,"href":"https:\/\/vinasfm.com\/noticias\/wp-json\/wp\/v2\/media\/149248"}],"wp:attachment":[{"href":"https:\/\/vinasfm.com\/noticias\/wp-json\/wp\/v2\/media?parent=149247"}],"wp:term":[{"taxonomy":"category","embeddable":true,"href":"https:\/\/vinasfm.com\/noticias\/wp-json\/wp\/v2\/categories?post=149247"},{"taxonomy":"post_tag","embeddable":true,"href":"https:\/\/vinasfm.com\/noticias\/wp-json\/wp\/v2\/tags?post=149247"}],"curies":[{"name":"wp","href":"https:\/\/api.w.org\/{rel}","templated":true}]}}