{"id":149230,"date":"2025-06-05T10:00:45","date_gmt":"2025-06-05T13:00:45","guid":{"rendered":"https:\/\/vinasfm.com\/noticias\/?p=149230"},"modified":"2025-06-05T11:52:42","modified_gmt":"2025-06-05T14:52:42","slug":"delincuentes-robaron-la-bateria-de-un-automovil-que-estaba-estacioando-en-la-via-publica","status":"publish","type":"post","link":"https:\/\/vinasfm.com\/noticias\/delincuentes-robaron-la-bateria-de-un-automovil-que-estaba-estacioando-en-la-via-publica\/","title":{"rendered":"DELINCUENTES ROBARON LA BATER\u00cdA DE UN AUTOM\u00d3VIL QUE ESTABA ESTACIOANDO EN LA V\u00cdA P\u00daBLICA"},"content":{"rendered":"<h4 data-sourcepos=\"5:1-5:198\">Un hombre de 65 a\u00f1os fue v\u00edctima de un robo este mi\u00e9rcoles al mediod\u00eda, cuando la bater\u00eda de su veh\u00edculo fue sustra\u00edda mientras se encontraba estacionado en calle Col\u00f3n.<\/h4>\n<p data-sourcepos=\"7:1-7:376\">El hecho ocurri\u00f3 alrededor de las 12:00 horas, seg\u00fan informaron fuentes de la Comisar\u00eda 14. <strong>R.B.M., de 65 a\u00f1os, dej\u00f3 su Renault 12 estacionado en calle Col\u00f3n 529 y se dirigi\u00f3 a un supermercado cercano. Al regresar a las 11:00, el hombre not\u00f3 que su veh\u00edculo no arrancaba<\/strong>. Tras revisar, constat\u00f3 la ausencia de la bater\u00eda: <strong>una unidad de color rojo, de 12 voltios y 75 amperios.<\/strong><\/p>\n<p data-sourcepos=\"9:1-9:234\">La v\u00edctima realiz\u00f3 la denuncia correspondiente en la Comisar\u00eda 14, y las autoridades ya se encuentran investigando el suceso. Se recomienda a los vecinos extremar las medidas de seguridad al estacionar sus veh\u00edculos en la v\u00eda p\u00fablica.<\/p>\n","protected":false},"excerpt":{"rendered":"<p>Un hombre de 65 a\u00f1os fue v\u00edctima de un robo este mi\u00e9rcoles al mediod\u00eda, cuando la bater\u00eda de su veh\u00edculo fue &#8230;<\/p>\n","protected":false},"author":7,"featured_media":149235,"comment_status":"open","ping_status":"open","sticky":false,"template":"","format":"standard","meta":{"footnotes":""},"categories":[5,4],"tags":[],"class_list":["post-149230","post","type-post","status-publish","format-standard","has-post-thumbnail","hentry","category-actualidad","category-policiales"],"_links":{"self":[{"href":"https:\/\/vinasfm.com\/noticias\/wp-json\/wp\/v2\/posts\/149230","targetHints":{"allow":["GET"]}}],"collection":[{"href":"https:\/\/vinasfm.com\/noticias\/wp-json\/wp\/v2\/posts"}],"about":[{"href":"https:\/\/vinasfm.com\/noticias\/wp-json\/wp\/v2\/types\/post"}],"author":[{"embeddable":true,"href":"https:\/\/vinasfm.com\/noticias\/wp-json\/wp\/v2\/users\/7"}],"replies":[{"embeddable":true,"href":"https:\/\/vinasfm.com\/noticias\/wp-json\/wp\/v2\/comments?post=149230"}],"version-history":[{"count":1,"href":"https:\/\/vinasfm.com\/noticias\/wp-json\/wp\/v2\/posts\/149230\/revisions"}],"predecessor-version":[{"id":149234,"href":"https:\/\/vinasfm.com\/noticias\/wp-json\/wp\/v2\/posts\/149230\/revisions\/149234"}],"wp:featuredmedia":[{"embeddable":true,"href":"https:\/\/vinasfm.com\/noticias\/wp-json\/wp\/v2\/media\/149235"}],"wp:attachment":[{"href":"https:\/\/vinasfm.com\/noticias\/wp-json\/wp\/v2\/media?parent=149230"}],"wp:term":[{"taxonomy":"category","embeddable":true,"href":"https:\/\/vinasfm.com\/noticias\/wp-json\/wp\/v2\/categories?post=149230"},{"taxonomy":"post_tag","embeddable":true,"href":"https:\/\/vinasfm.com\/noticias\/wp-json\/wp\/v2\/tags?post=149230"}],"curies":[{"name":"wp","href":"https:\/\/api.w.org\/{rel}","templated":true}]}}