{"id":149229,"date":"2025-06-05T10:04:27","date_gmt":"2025-06-05T13:04:27","guid":{"rendered":"https:\/\/vinasfm.com\/noticias\/?p=149229"},"modified":"2025-06-06T08:57:34","modified_gmt":"2025-06-06T11:57:34","slug":"general-alvear-celebro-el-dia-de-los-jardines","status":"publish","type":"post","link":"https:\/\/vinasfm.com\/noticias\/general-alvear-celebro-el-dia-de-los-jardines\/","title":{"rendered":"GENERAL ALVEAR CELEBR\u00d3 EL D\u00cdA DE LOS JARD\u00cdNES"},"content":{"rendered":"<h4><strong>Con la participaci\u00f3n de los jardines maternales de todo el departamento, se llev\u00f3 a cabo en el Polideportivo, una jornada llena de alegr\u00eda y actividades para celebrar el D\u00eda de los Jardines y la Maestra Jardinera.<\/strong><\/h4>\n<p>El evento reuni\u00f3 tanto a ni\u00f1os como a familias, docentes y directivos, en una propuesta, que incluy\u00f3 espect\u00e1culos, juegos did\u00e1cticos y actividades recreativas.<\/p>\n<p>El Director de Educaci\u00f3n, Jos\u00e9 Mor\u00e1n, expres\u00f3: \u00abuna tarde muy emotiva con todos los jardines, eso es lo que buscamos desde el primer momento es incluirlos a todos\u00bb.<\/p>\n<p><a href=\"https:\/\/vinasfm.com\/noticias\/wp-content\/uploads\/2025\/06\/Moran.jpeg\"><img loading=\"lazy\" decoding=\"async\" class=\"size-medium wp-image-149233 aligncenter\" src=\"https:\/\/vinasfm.com\/noticias\/wp-content\/uploads\/2025\/06\/Moran-300x168.jpeg\" alt=\"\" width=\"300\" height=\"168\" srcset=\"https:\/\/vinasfm.com\/noticias\/wp-content\/uploads\/2025\/06\/Moran-300x168.jpeg 300w, https:\/\/vinasfm.com\/noticias\/wp-content\/uploads\/2025\/06\/Moran-1024x575.jpeg 1024w, https:\/\/vinasfm.com\/noticias\/wp-content\/uploads\/2025\/06\/Moran-768x431.jpeg 768w, https:\/\/vinasfm.com\/noticias\/wp-content\/uploads\/2025\/06\/Moran-1536x862.jpeg 1536w, https:\/\/vinasfm.com\/noticias\/wp-content\/uploads\/2025\/06\/Moran-360x200.jpeg 360w, https:\/\/vinasfm.com\/noticias\/wp-content\/uploads\/2025\/06\/Moran-750x420.jpeg 750w, https:\/\/vinasfm.com\/noticias\/wp-content\/uploads\/2025\/06\/Moran-1140x641.jpeg 1140w, https:\/\/vinasfm.com\/noticias\/wp-content\/uploads\/2025\/06\/Moran.jpeg 1600w\" sizes=\"auto, (max-width: 300px) 100vw, 300px\" \/><\/a><\/p>\n<p>Durante el acto, tambi\u00e9n se reconocieron los avances logrados en infraestructura y equipamiento para los jardines maternales municipales. Mor\u00e1n destac\u00f3 que, \u00abel objetivo final que a lo largo del a\u00f1o podamos tener los jardines mejor equipados con todo lo que necesitan\u00bb.<\/p>\n<p>Por su parte la directora del Jard\u00edn Maternal Gotitas de Alegr\u00eda, Samanta Lucero, comparti\u00f3 con entusiasmo: \u00abeste a\u00f1o hemos recibido una heladera y materiales Montessori que ven\u00edamos esperando desde que abrimos el jard\u00edn\u00bb.<\/p>\n<p><a href=\"https:\/\/vinasfm.com\/noticias\/wp-content\/uploads\/2025\/06\/Maestras.jpeg\"><img loading=\"lazy\" decoding=\"async\" class=\"size-medium wp-image-149236 aligncenter\" src=\"https:\/\/vinasfm.com\/noticias\/wp-content\/uploads\/2025\/06\/Maestras-300x168.jpeg\" alt=\"\" width=\"300\" height=\"168\" srcset=\"https:\/\/vinasfm.com\/noticias\/wp-content\/uploads\/2025\/06\/Maestras-300x168.jpeg 300w, https:\/\/vinasfm.com\/noticias\/wp-content\/uploads\/2025\/06\/Maestras-1024x575.jpeg 1024w, https:\/\/vinasfm.com\/noticias\/wp-content\/uploads\/2025\/06\/Maestras-768x431.jpeg 768w, https:\/\/vinasfm.com\/noticias\/wp-content\/uploads\/2025\/06\/Maestras-1536x862.jpeg 1536w, https:\/\/vinasfm.com\/noticias\/wp-content\/uploads\/2025\/06\/Maestras-360x200.jpeg 360w, https:\/\/vinasfm.com\/noticias\/wp-content\/uploads\/2025\/06\/Maestras-750x420.jpeg 750w, https:\/\/vinasfm.com\/noticias\/wp-content\/uploads\/2025\/06\/Maestras-1140x641.jpeg 1140w, https:\/\/vinasfm.com\/noticias\/wp-content\/uploads\/2025\/06\/Maestras.jpeg 1600w\" sizes=\"auto, (max-width: 300px) 100vw, 300px\" \/><\/a><\/p>\n<p>Las docentes tambi\u00e9n vivieron el festejo con emoci\u00f3n, Luli Fern\u00e1ndez, se\u00f1o del jard\u00edn Castillito de mis Sue\u00f1os, cont\u00f3 que durante toda la semana realizaron actividades tem\u00e1ticas, desde sombreros locos hasta una fiesta fl\u00faor, para culminar con este gran encuentro.<\/p>\n<p><a href=\"https:\/\/vinasfm.com\/noticias\/wp-content\/uploads\/2025\/06\/Jardines.jpeg\"><img loading=\"lazy\" decoding=\"async\" class=\" wp-image-149232 aligncenter\" src=\"https:\/\/vinasfm.com\/noticias\/wp-content\/uploads\/2025\/06\/Jardines-300x168.jpeg\" alt=\"\" width=\"355\" height=\"199\" srcset=\"https:\/\/vinasfm.com\/noticias\/wp-content\/uploads\/2025\/06\/Jardines-300x168.jpeg 300w, https:\/\/vinasfm.com\/noticias\/wp-content\/uploads\/2025\/06\/Jardines-1024x575.jpeg 1024w, https:\/\/vinasfm.com\/noticias\/wp-content\/uploads\/2025\/06\/Jardines-768x431.jpeg 768w, https:\/\/vinasfm.com\/noticias\/wp-content\/uploads\/2025\/06\/Jardines-1536x862.jpeg 1536w, https:\/\/vinasfm.com\/noticias\/wp-content\/uploads\/2025\/06\/Jardines-750x420.jpeg 750w, https:\/\/vinasfm.com\/noticias\/wp-content\/uploads\/2025\/06\/Jardines-1140x641.jpeg 1140w, https:\/\/vinasfm.com\/noticias\/wp-content\/uploads\/2025\/06\/Jardines.jpeg 1600w\" sizes=\"auto, (max-width: 355px) 100vw, 355px\" \/><\/a><\/p>\n<p>Una jornada llena de emoci\u00f3n, que refleja el compromiso con la educaci\u00f3n inicial en todo el departamento.<\/p>\n<p><a href=\"https:\/\/vinasfm.com\/noticias\/wp-content\/uploads\/2025\/06\/jardines-02.jpeg\"><img loading=\"lazy\" decoding=\"async\" class=\"size-medium wp-image-149237 aligncenter\" src=\"https:\/\/vinasfm.com\/noticias\/wp-content\/uploads\/2025\/06\/jardines-02-300x168.jpeg\" alt=\"\" width=\"300\" height=\"168\" srcset=\"https:\/\/vinasfm.com\/noticias\/wp-content\/uploads\/2025\/06\/jardines-02-300x168.jpeg 300w, https:\/\/vinasfm.com\/noticias\/wp-content\/uploads\/2025\/06\/jardines-02-1024x575.jpeg 1024w, https:\/\/vinasfm.com\/noticias\/wp-content\/uploads\/2025\/06\/jardines-02-768x431.jpeg 768w, https:\/\/vinasfm.com\/noticias\/wp-content\/uploads\/2025\/06\/jardines-02-1536x862.jpeg 1536w, https:\/\/vinasfm.com\/noticias\/wp-content\/uploads\/2025\/06\/jardines-02-360x200.jpeg 360w, https:\/\/vinasfm.com\/noticias\/wp-content\/uploads\/2025\/06\/jardines-02-750x420.jpeg 750w, https:\/\/vinasfm.com\/noticias\/wp-content\/uploads\/2025\/06\/jardines-02-1140x641.jpeg 1140w, https:\/\/vinasfm.com\/noticias\/wp-content\/uploads\/2025\/06\/jardines-02.jpeg 1600w\" sizes=\"auto, (max-width: 300px) 100vw, 300px\" \/><\/a><\/p>\n","protected":false},"excerpt":{"rendered":"<p>Con la participaci\u00f3n de los jardines maternales de todo el departamento, se llev\u00f3 a cabo en el Polideportivo, una jornada llena &#8230;<\/p>\n","protected":false},"author":7,"featured_media":149231,"comment_status":"open","ping_status":"open","sticky":false,"template":"","format":"standard","meta":{"footnotes":""},"categories":[18,11],"tags":[],"class_list":["post-149229","post","type-post","status-publish","format-standard","has-post-thumbnail","hentry","category-educacion","category-sociales"],"_links":{"self":[{"href":"https:\/\/vinasfm.com\/noticias\/wp-json\/wp\/v2\/posts\/149229","targetHints":{"allow":["GET"]}}],"collection":[{"href":"https:\/\/vinasfm.com\/noticias\/wp-json\/wp\/v2\/posts"}],"about":[{"href":"https:\/\/vinasfm.com\/noticias\/wp-json\/wp\/v2\/types\/post"}],"author":[{"embeddable":true,"href":"https:\/\/vinasfm.com\/noticias\/wp-json\/wp\/v2\/users\/7"}],"replies":[{"embeddable":true,"href":"https:\/\/vinasfm.com\/noticias\/wp-json\/wp\/v2\/comments?post=149229"}],"version-history":[{"count":1,"href":"https:\/\/vinasfm.com\/noticias\/wp-json\/wp\/v2\/posts\/149229\/revisions"}],"predecessor-version":[{"id":149239,"href":"https:\/\/vinasfm.com\/noticias\/wp-json\/wp\/v2\/posts\/149229\/revisions\/149239"}],"wp:featuredmedia":[{"embeddable":true,"href":"https:\/\/vinasfm.com\/noticias\/wp-json\/wp\/v2\/media\/149231"}],"wp:attachment":[{"href":"https:\/\/vinasfm.com\/noticias\/wp-json\/wp\/v2\/media?parent=149229"}],"wp:term":[{"taxonomy":"category","embeddable":true,"href":"https:\/\/vinasfm.com\/noticias\/wp-json\/wp\/v2\/categories?post=149229"},{"taxonomy":"post_tag","embeddable":true,"href":"https:\/\/vinasfm.com\/noticias\/wp-json\/wp\/v2\/tags?post=149229"}],"curies":[{"name":"wp","href":"https:\/\/api.w.org\/{rel}","templated":true}]}}