{"id":149226,"date":"2025-06-05T10:27:05","date_gmt":"2025-06-05T13:27:05","guid":{"rendered":"https:\/\/vinasfm.com\/noticias\/?p=149226"},"modified":"2025-06-06T08:57:13","modified_gmt":"2025-06-06T11:57:13","slug":"obras-en-marcha-en-el-club-deportivo-jaime-prats-avanzan-la-construccion-de-sanitarios-y-cocina-en-el-salon-del-club","status":"publish","type":"post","link":"https:\/\/vinasfm.com\/noticias\/obras-en-marcha-en-el-club-deportivo-jaime-prats-avanzan-la-construccion-de-sanitarios-y-cocina-en-el-salon-del-club\/","title":{"rendered":"OBRAS EN MARCHA EN EL CLUB DEPORTIVO JAIME PRATS: AVANZAN LA CONSTRUCCI\u00d3N DE SANITARIOS Y COCINA EN EL SAL\u00d3N DEL CLUB"},"content":{"rendered":"<h4 data-start=\"123\" data-end=\"515\"><strong><span style=\"color: #003300;\">En di\u00e1logo con FM VI\u00d1AS, Dar\u00edo Laseda, miembro de la <em>Comisi\u00f3n Directiva del Club Deportivo Jaime Prats<\/em>, comparti\u00f3 las novedades sobre las obras que est\u00e1n en ejecuci\u00f3n en el sal\u00f3n de la instituci\u00f3n. <\/span><\/strong><\/h4>\n<p data-start=\"123\" data-end=\"515\"><span style=\"color: #000000;\">Con entusiasmo, inform\u00f3 que se encuentran avanzando en la construcci\u00f3n de nuevos ba\u00f1os y una cocina, estructuras que estar\u00e1n lindantes al sal\u00f3n del club, recientemente recuperado por la entidad.<\/span><\/p>\n<p data-start=\"517\" data-end=\"761\"><em><strong>\u201cEstamos construyendo los ba\u00f1os y una cocina lindero al sal\u00f3n del club\u201d<\/strong><\/em>, coment\u00f3 Laseda, mostrando optimismo por el progreso de las obras.<\/p>\n<p data-start=\"763\" data-end=\"1099\">Los materiales fueron provistos por la municipalidad, mientras que la mano de obra corre por cuenta del club, con el esfuerzo de sus miembros y colaboradores. <em><strong>\u201cLa municipalidad nos dio los materiales, y nosotros estamos poniendo la mano de obra. Trabajamos a pulm\u00f3n\u201d<\/strong><\/em>, expres\u00f3, destacando el compromiso comunitario detr\u00e1s de cada avance.<\/p>\n<p data-start=\"1101\" data-end=\"1343\">Para recaudar fondos, la instituci\u00f3n ha recurrido a diferentes actividades solidarias como la venta de pasteles, rifas y loter\u00edas. <strong><em>\u201cEl 25 de Mayo hicimos unos pasteles para recaudar fondos. Siempre estamos haciendo algo para poder continuar\u201d<\/em><\/strong>, agreg\u00f3.<\/p>\n<p data-start=\"1345\" data-end=\"1764\">Respecto a los proyectos a futuro, Laseda adelant\u00f3 que se encuentran en espera de la concreci\u00f3n del convenio con la municipalidad, lo cual permitir\u00eda financiar el techado del hist\u00f3rico sal\u00f3n. <strong><em>\u201cEstamos trabajando en eso. Si se concreta, nos dar\u00eda el techado y la financiaci\u00f3n del sal\u00f3n. Nos vendr\u00eda de mil maravillas, porque ac\u00e1 en el pueblo no hay un espacio para eventos sociales, cumplea\u00f1os o fiestas escolares\u201d.<\/em><\/strong><\/p>\n<p data-start=\"1766\" data-end=\"2003\">El sal\u00f3n, que durante a\u00f1os permaneci\u00f3 sin techo, representa un espacio vital para la comunidad. <strong><em>\u201cLa escuela tiene un saloncito, pero es muy chico y hoy ya no se presta para eventos comunitarios. Un sal\u00f3n techado ser\u00eda otra cosa\u201d<\/em><\/strong>, afirm\u00f3.<\/p>\n<p data-start=\"2005\" data-end=\"2246\">Finalmente, Laseda agradeci\u00f3 el acompa\u00f1amiento de <strong><span style=\"color: #800080;\">FM VI\u00d1AS<\/span><\/strong> y de toda la comunidad: <strong><em>\u201cMuchas gracias por siempre estar dispuestos a hablar con nosotros. A veces parece que no se hace nada, pero se trabaja mucho en silencio para poder avanzar\u201d.<\/em><\/strong><\/p>\n<p data-start=\"2248\" data-end=\"2406\" data-is-last-node=\"\" data-is-only-node=\"\">Con esfuerzos constantes y compromiso colectivo, el<em> Club Deportivo Jaime Prats<\/em> sigue en obra, so\u00f1ando con un espacio digno y funcional para toda la comunidad.<\/p>\n","protected":false},"excerpt":{"rendered":"<p>En di\u00e1logo con FM VI\u00d1AS, Dar\u00edo Laseda, miembro de la Comisi\u00f3n Directiva del Club Deportivo Jaime Prats, comparti\u00f3 las novedades sobre &#8230;<\/p>\n","protected":false},"author":7,"featured_media":149245,"comment_status":"open","ping_status":"open","sticky":false,"template":"","format":"standard","meta":{"footnotes":""},"categories":[3,11],"tags":[],"class_list":["post-149226","post","type-post","status-publish","format-standard","has-post-thumbnail","hentry","category-deportes","category-sociales"],"_links":{"self":[{"href":"https:\/\/vinasfm.com\/noticias\/wp-json\/wp\/v2\/posts\/149226","targetHints":{"allow":["GET"]}}],"collection":[{"href":"https:\/\/vinasfm.com\/noticias\/wp-json\/wp\/v2\/posts"}],"about":[{"href":"https:\/\/vinasfm.com\/noticias\/wp-json\/wp\/v2\/types\/post"}],"author":[{"embeddable":true,"href":"https:\/\/vinasfm.com\/noticias\/wp-json\/wp\/v2\/users\/7"}],"replies":[{"embeddable":true,"href":"https:\/\/vinasfm.com\/noticias\/wp-json\/wp\/v2\/comments?post=149226"}],"version-history":[{"count":3,"href":"https:\/\/vinasfm.com\/noticias\/wp-json\/wp\/v2\/posts\/149226\/revisions"}],"predecessor-version":[{"id":149290,"href":"https:\/\/vinasfm.com\/noticias\/wp-json\/wp\/v2\/posts\/149226\/revisions\/149290"}],"wp:featuredmedia":[{"embeddable":true,"href":"https:\/\/vinasfm.com\/noticias\/wp-json\/wp\/v2\/media\/149245"}],"wp:attachment":[{"href":"https:\/\/vinasfm.com\/noticias\/wp-json\/wp\/v2\/media?parent=149226"}],"wp:term":[{"taxonomy":"category","embeddable":true,"href":"https:\/\/vinasfm.com\/noticias\/wp-json\/wp\/v2\/categories?post=149226"},{"taxonomy":"post_tag","embeddable":true,"href":"https:\/\/vinasfm.com\/noticias\/wp-json\/wp\/v2\/tags?post=149226"}],"curies":[{"name":"wp","href":"https:\/\/api.w.org\/{rel}","templated":true}]}}