{"id":149205,"date":"2025-06-05T09:18:09","date_gmt":"2025-06-05T12:18:09","guid":{"rendered":"https:\/\/vinasfm.com\/noticias\/?p=149205"},"modified":"2025-06-06T08:59:19","modified_gmt":"2025-06-06T11:59:19","slug":"el-concejo-deliberante-sigue-pidiendo-la-ley-de-emergencia-en-discapacidad","status":"publish","type":"post","link":"https:\/\/vinasfm.com\/noticias\/el-concejo-deliberante-sigue-pidiendo-la-ley-de-emergencia-en-discapacidad\/","title":{"rendered":"LA C\u00c1MARA DE DIPUTADOS APROB\u00d3 LA LEY DE EMERGENCIA EN DISCAPACIDAD"},"content":{"rendered":"<h4><strong><span style=\"color: #003300;\">La medida presentada por la oposici\u00f3n fue aprobada con un total de 143 votos afirmativos, 71 en contra y 3 abstenciones. Ahora, la iniciativa ser\u00e1 enviada hacia el Senado.<\/span><\/strong><\/h4>\n<p class=\"paragraph\">La<b>\u00a0<\/b>C\u00e1mara de Diputados dio media sanci\u00f3n este jueves al proyecto de ley que declara la<b>\u00a0<\/b><b>emergencia en discapacidad<\/b><b>\u00a0<\/b>en todo el territorio nacional hasta el 31 de diciembre de 2027. Luego de m\u00e1s de una hora de debate,<b>\u00a0un total de 143 parlamentarios dieron su voto afirmativo a la iniciativa, contra otros 71 negativos y 3 abstenciones.<\/b><\/p>\n<p class=\"paragraph\">La iniciativa, que<b>\u00a0tendr\u00eda un impacto fiscal de entre 0,22% y 0,42% del PBI<\/b>, establece una serie de medidas legislativas, administrativas y presupuestarias orientadas a garantizar el cumplimiento de los derechos de las personas con discapacidad. Desde el oficialismo acusaron a la oposici\u00f3n de hacer demagogia con las necesidades de un sector vulnerable y dieron a entender que el presidente\u00a0<b>Javier Milei<\/b>\u00a0tambi\u00e9n lo vetar\u00e1, junto con los proyectos para aumentar las jubilaciones.<\/p>\n<p><img decoding=\"async\" src=\"https:\/\/www.infobae.com\/resizer\/v2\/DYAXGKYLVZDGFL7RGRJIGYWMLE.PNG?auth=519bcfc1a2ffe3db04afab4faa84ec44fae14aaed83843bf1771911cbb71b4b8&amp;smart=true&amp;width=350&amp;height=156&amp;quality=85\" alt=\"El resultado de la votaci\u00f3n\" \/><\/p>\n<p class=\"paragraph\">El dictamen de mayor\u00eda, impulsado por el diputado\u00a0<b>Daniel Arroyo<\/b>, propon\u00eda\u00a0<b>reforzar las pensiones no contributivas por invalidez<\/b>\u00a0(actualmente en $213 mil) que ser\u00e1n equivalentes al 70% del haber m\u00ednimo jubilatorio y ser\u00e1 compatible con empleos formales, siempre que los ingresos no superen los dos salarios m\u00ednimos. No obstante, aclara que el Poder Ejecutivo podr\u00e1 disponer incrementos adicionales en funci\u00f3n de la invalidez laboral o zona geogr\u00e1fica desfavorable.<\/p>\n<p class=\"paragraph\">Por otro lado, en respuesta a las reiteradas demandas del sector, la propuesta apunta a<b>\u00a0fortalecer el Sistema de Prestaciones B\u00e1sicas de Atenci\u00f3n Integral a favor de las Personas con Discapacidad<\/b>, regulado por la Ley 24.901, cuyo conjunto de prestadores \u2014hogares, escuelas, centros de d\u00eda, terapeutas, transportistas\u2014 fue recientemente foco de reclamos por falta de actualizaci\u00f3n en los valores que perciben.<\/p>\n<p class=\"paragraph\">En ese sentido, se prev\u00e9 una<b>\u00a0actualizaci\u00f3n mensual autom\u00e1tica de los aranceles<\/b>\u00a0de acuerdo al \u00edndice de precios al consumidor (IPC) informado por el INDEC, con financiamiento a cargo del Estado. Adem\u00e1s, se establece una<b>\u00a0compensaci\u00f3n de emergencia\u00a0<\/b>por la diferencia entre los incrementos otorgados en 2024 y la inflaci\u00f3n acumulada en ese mismo per\u00edodo. Estos mecanismos buscar\u00e1n dar respuesta a un problema muy concreto: que las personas con discapacidad se queden sin ayuda profesional (por ejemplo, maestras integradoras, terapias o traslados) por los bajos salarios y las demoras en los pagos.<\/p>\n<p class=\"paragraph\">El proyecto aprobado incluye tambi\u00e9n medidas espec\u00edficas para los\u00a0<b>prestadores<\/b>, como un<b>\u00a0r\u00e9gimen de regularizaci\u00f3n de deudas fiscales y de seguridad social<\/b>, que contempla la condonaci\u00f3n de intereses, multas y sanciones, as\u00ed como la refinanciaci\u00f3n de planes de pago vigentes y caducos.<\/p>\n<p class=\"paragraph\">Otro punto relevante es el\u00a0<b>financiamiento para el funcionamiento de la Agencia Nacional de Discapacidad (ANDIS)<\/b>\u00a0y sus programas vinculados a salud, accesibilidad, inclusi\u00f3n, prevenci\u00f3n y promoci\u00f3n del modelo social de discapacidad. A esto se suma el compromiso de garantizar recursos para la plena implementaci\u00f3n de la Ley 26.816, que regula el<b>\u00a0r\u00e9gimen federal de empleo protegido para personas con discapacidad<\/b>.<\/p>\n","protected":false},"excerpt":{"rendered":"<p>La medida presentada por la oposici\u00f3n fue aprobada con un total de 143 votos afirmativos, 71 en contra y 3 abstenciones. &#8230;<\/p>\n","protected":false},"author":7,"featured_media":149213,"comment_status":"open","ping_status":"open","sticky":false,"template":"","format":"standard","meta":{"footnotes":""},"categories":[5,10],"tags":[],"class_list":["post-149205","post","type-post","status-publish","format-standard","has-post-thumbnail","hentry","category-actualidad","category-destacadas"],"_links":{"self":[{"href":"https:\/\/vinasfm.com\/noticias\/wp-json\/wp\/v2\/posts\/149205","targetHints":{"allow":["GET"]}}],"collection":[{"href":"https:\/\/vinasfm.com\/noticias\/wp-json\/wp\/v2\/posts"}],"about":[{"href":"https:\/\/vinasfm.com\/noticias\/wp-json\/wp\/v2\/types\/post"}],"author":[{"embeddable":true,"href":"https:\/\/vinasfm.com\/noticias\/wp-json\/wp\/v2\/users\/7"}],"replies":[{"embeddable":true,"href":"https:\/\/vinasfm.com\/noticias\/wp-json\/wp\/v2\/comments?post=149205"}],"version-history":[{"count":5,"href":"https:\/\/vinasfm.com\/noticias\/wp-json\/wp\/v2\/posts\/149205\/revisions"}],"predecessor-version":[{"id":149211,"href":"https:\/\/vinasfm.com\/noticias\/wp-json\/wp\/v2\/posts\/149205\/revisions\/149211"}],"wp:featuredmedia":[{"embeddable":true,"href":"https:\/\/vinasfm.com\/noticias\/wp-json\/wp\/v2\/media\/149213"}],"wp:attachment":[{"href":"https:\/\/vinasfm.com\/noticias\/wp-json\/wp\/v2\/media?parent=149205"}],"wp:term":[{"taxonomy":"category","embeddable":true,"href":"https:\/\/vinasfm.com\/noticias\/wp-json\/wp\/v2\/categories?post=149205"},{"taxonomy":"post_tag","embeddable":true,"href":"https:\/\/vinasfm.com\/noticias\/wp-json\/wp\/v2\/tags?post=149205"}],"curies":[{"name":"wp","href":"https:\/\/api.w.org\/{rel}","templated":true}]}}