{"id":149185,"date":"2025-06-04T11:56:05","date_gmt":"2025-06-04T14:56:05","guid":{"rendered":"https:\/\/vinasfm.com\/noticias\/?p=149185"},"modified":"2025-06-05T11:15:35","modified_gmt":"2025-06-05T14:15:35","slug":"el-polideportivo-fue-el-escenario-principal-de-la-jornada-formativa-de-voley-con-diferentes-colegios-locales","status":"publish","type":"post","link":"https:\/\/vinasfm.com\/noticias\/el-polideportivo-fue-el-escenario-principal-de-la-jornada-formativa-de-voley-con-diferentes-colegios-locales\/","title":{"rendered":"EL POLIDEPORTIVO FUE EL ESCENARIO PRINCIPAL DE LA JORNADA FORMATIVA DE VOLEY CON DIFERENTES COLEGIOS LOCALES"},"content":{"rendered":"<h4><strong>El pasado 31 de mayo se desarroll\u00f3 una intensa jornada de v\u00f3ley en el Polideportivo de Ciudad, que reuni\u00f3 a diversas instituciones deportivas y educativas del departamento y zonas aleda\u00f1as.<\/strong><\/h4>\n<p>Desde las 10:30 de la ma\u00f1ana hasta cerca de las 13:00 se disputaron encuentros de mini v\u00f3ley, en los que participaron equipos del distrito de Bowen, Real del Padre, el Colegio San Mart\u00edn, el Instituto San Antonio, el Polideportivo de Ciudad y la Escuela Santo Tom\u00e1s Moro. La modalidad permiti\u00f3 a los m\u00e1s peque\u00f1os iniciarse y afianzar sus habilidades en un marco recreativo y de integraci\u00f3n.<\/p>\n<p>Por la tarde, a partir de las 14:00, se llev\u00f3 a cabo un Grand Prix de la categor\u00eda Sub 14 con un formato de todos contra todos a dos sets. En esta instancia compitieron equipos de la Escuela de Agricultura, el Instituto San Antonio, el Colegio San Mart\u00edn, el conjunto Fundadoras y representantes de Real del Padre.<\/p>\n<p>La jornada concluy\u00f3 alrededor de las 18:00, dejando un balance positivo en t\u00e9rminos deportivos, formativos y de camarader\u00eda entre los participantes. El evento se consolid\u00f3 como un espacio clave para el desarrollo del v\u00f3ley en edades tempranas y la articulaci\u00f3n entre clubes, escuelas e instituciones del departamento.<\/p>\n","protected":false},"excerpt":{"rendered":"<p>El pasado 31 de mayo se desarroll\u00f3 una intensa jornada de v\u00f3ley en el Polideportivo de Ciudad, que reuni\u00f3 a diversas &#8230;<\/p>\n","protected":false},"author":7,"featured_media":149188,"comment_status":"open","ping_status":"open","sticky":false,"template":"","format":"standard","meta":{"footnotes":""},"categories":[5,18],"tags":[],"class_list":["post-149185","post","type-post","status-publish","format-standard","has-post-thumbnail","hentry","category-actualidad","category-educacion"],"_links":{"self":[{"href":"https:\/\/vinasfm.com\/noticias\/wp-json\/wp\/v2\/posts\/149185","targetHints":{"allow":["GET"]}}],"collection":[{"href":"https:\/\/vinasfm.com\/noticias\/wp-json\/wp\/v2\/posts"}],"about":[{"href":"https:\/\/vinasfm.com\/noticias\/wp-json\/wp\/v2\/types\/post"}],"author":[{"embeddable":true,"href":"https:\/\/vinasfm.com\/noticias\/wp-json\/wp\/v2\/users\/7"}],"replies":[{"embeddable":true,"href":"https:\/\/vinasfm.com\/noticias\/wp-json\/wp\/v2\/comments?post=149185"}],"version-history":[{"count":3,"href":"https:\/\/vinasfm.com\/noticias\/wp-json\/wp\/v2\/posts\/149185\/revisions"}],"predecessor-version":[{"id":149255,"href":"https:\/\/vinasfm.com\/noticias\/wp-json\/wp\/v2\/posts\/149185\/revisions\/149255"}],"wp:featuredmedia":[{"embeddable":true,"href":"https:\/\/vinasfm.com\/noticias\/wp-json\/wp\/v2\/media\/149188"}],"wp:attachment":[{"href":"https:\/\/vinasfm.com\/noticias\/wp-json\/wp\/v2\/media?parent=149185"}],"wp:term":[{"taxonomy":"category","embeddable":true,"href":"https:\/\/vinasfm.com\/noticias\/wp-json\/wp\/v2\/categories?post=149185"},{"taxonomy":"post_tag","embeddable":true,"href":"https:\/\/vinasfm.com\/noticias\/wp-json\/wp\/v2\/tags?post=149185"}],"curies":[{"name":"wp","href":"https:\/\/api.w.org\/{rel}","templated":true}]}}