{"id":149178,"date":"2025-06-04T11:52:47","date_gmt":"2025-06-04T14:52:47","guid":{"rendered":"https:\/\/vinasfm.com\/noticias\/?p=149178"},"modified":"2025-06-05T10:21:28","modified_gmt":"2025-06-05T13:21:28","slug":"charla-sobre-el-proceso-pedagogico-del-deporte-de-alto-rendimiento","status":"publish","type":"post","link":"https:\/\/vinasfm.com\/noticias\/charla-sobre-el-proceso-pedagogico-del-deporte-de-alto-rendimiento\/","title":{"rendered":"CHARLA SOBRE EL PROCESO PEDAG\u00d3GICO DEL DEPORTE DE ALTO RENDIMIENTO"},"content":{"rendered":"<article class=\"text-token-text-primary w-full\" dir=\"auto\" data-testid=\"conversation-turn-8\" data-scroll-anchor=\"true\">\n<div class=\"text-base my-auto mx-auto py-5 [--thread-content-margin:--spacing(4)] @[37rem]:[--thread-content-margin:--spacing(6)] @[72rem]:[--thread-content-margin:--spacing(16)] px-(--thread-content-margin)\">\n<div class=\"[--thread-content-max-width:32rem] @[34rem]:[--thread-content-max-width:40rem] @[64rem]:[--thread-content-max-width:48rem] mx-auto flex max-w-(--thread-content-max-width) flex-1 text-base gap-4 md:gap-5 lg:gap-6 group\/turn-messages focus-visible:outline-hidden\" tabindex=\"-1\">\n<div class=\"group\/conversation-turn relative flex w-full min-w-0 flex-col agent-turn\">\n<div class=\"relative flex-col gap-1 md:gap-3\">\n<div class=\"flex max-w-full flex-col grow\">\n<div class=\"min-h-8 text-message relative flex w-full flex-col items-end gap-2 text-start break-words whitespace-normal [.text-message+&amp;]:mt-5\" dir=\"auto\" data-message-author-role=\"assistant\" data-message-id=\"d3839e02-d6c3-4712-b59d-0c1ab3bda946\" data-message-model-slug=\"gpt-4o\">\n<div class=\"flex w-full flex-col gap-1 empty:hidden first:pt-[3px]\">\n<div class=\"markdown prose dark:prose-invert w-full break-words light\">\n<h4 data-start=\"139\" data-end=\"487\"><strong><span style=\"color: #003300;\">En la jornada del martes se desarroll\u00f3 una enriquecedora charla titulada \u201cProceso Pedag\u00f3gico del Deporte de Alto Rendimiento\u201d, dirigida a formadores, entrenadores y docentes de educaci\u00f3n f\u00edsica, en el marco del programa local de capacitaciones continuas promovido por la Subdirecci\u00f3n de Deportes.<\/span><\/strong><\/h4>\n<p data-start=\"489\" data-end=\"920\">La actividad se propuso como una instancia de reflexi\u00f3n y formaci\u00f3n sobre el desarrollo deportivo desde una <strong data-start=\"597\" data-end=\"616\">mirada integral<\/strong>, destacando <strong data-start=\"629\" data-end=\"727\">la importancia de una evoluci\u00f3n progresiva, saludable y centrada en el disfrute del movimiento<\/strong>, evitando la especializaci\u00f3n prematura. Se abordaron aspectos pedag\u00f3gicos, sociales y emocionales vinculados al rendimiento, promoviendo una motivaci\u00f3n duradera en ni\u00f1os, ni\u00f1as y adolescentes.<\/p>\n<p data-start=\"922\" data-end=\"1585\">El <em>subdirector de Deportes,<\/em><span style=\"color: #003366;\"><strong data-start=\"925\" data-end=\"968\"> N\u00e9stor S\u00e1nchez<\/strong><\/span>, explic\u00f3 que la charla fue posible gracias a un intercambio cultural con <strong data-start=\"1042\" data-end=\"1063\">Cultural La Rueca<\/strong>, una instituci\u00f3n que promueve v\u00ednculos literarios y pedag\u00f3gicos entre pa\u00edses de Am\u00e9rica. <em><strong>\u201cHoy nos visitan tres escritores mexicanos, uno de los cuales trabaja sobre la tem\u00e1tica del deporte de alto rendimiento. Ofrecieron esta charla gratuita y decidimos incorporarla al programa que venimos llevando adelante desde el a\u00f1o pasado con la profesora Noelia\u201d<\/strong><\/em>, detall\u00f3 S\u00e1nchez. <em><strong>\u201cEstas actividades se suman al plan de formaci\u00f3n tanto de formadores como de deportistas, y se alinean perfectamente con nuestros objetivos\u201d<\/strong><\/em>, a\u00f1adi\u00f3.<\/p>\n<p data-start=\"922\" data-end=\"1585\"><a href=\"https:\/\/vinasfm.com\/noticias\/wp-content\/uploads\/2025\/06\/Imagen-de-WhatsApp-2025-06-04-a-las-11.16.47_a12dbab3.jpg\"><img loading=\"lazy\" decoding=\"async\" class=\"wp-image-149184 aligncenter\" src=\"https:\/\/vinasfm.com\/noticias\/wp-content\/uploads\/2025\/06\/Imagen-de-WhatsApp-2025-06-04-a-las-11.16.47_a12dbab3-1024x682.jpg\" alt=\"\" width=\"600\" height=\"400\" srcset=\"https:\/\/vinasfm.com\/noticias\/wp-content\/uploads\/2025\/06\/Imagen-de-WhatsApp-2025-06-04-a-las-11.16.47_a12dbab3-1024x682.jpg 1024w, https:\/\/vinasfm.com\/noticias\/wp-content\/uploads\/2025\/06\/Imagen-de-WhatsApp-2025-06-04-a-las-11.16.47_a12dbab3-300x200.jpg 300w, https:\/\/vinasfm.com\/noticias\/wp-content\/uploads\/2025\/06\/Imagen-de-WhatsApp-2025-06-04-a-las-11.16.47_a12dbab3-768x512.jpg 768w, https:\/\/vinasfm.com\/noticias\/wp-content\/uploads\/2025\/06\/Imagen-de-WhatsApp-2025-06-04-a-las-11.16.47_a12dbab3-1536x1023.jpg 1536w, https:\/\/vinasfm.com\/noticias\/wp-content\/uploads\/2025\/06\/Imagen-de-WhatsApp-2025-06-04-a-las-11.16.47_a12dbab3.jpg 1600w\" sizes=\"auto, (max-width: 600px) 100vw, 600px\" \/><\/a><\/p>\n<p data-start=\"1587\" data-end=\"2190\">El encargado de brindar la conferencia fue el <em>profesor mexicano <\/em><span style=\"color: #003366;\"><strong data-start=\"1633\" data-end=\"1676\">V\u00edctor Bravo Orihuela<\/strong><\/span>, quien destac\u00f3 el valor del deporte como herramienta cultural y formativa<em><strong>. \u201cLa cultura f\u00edsica en M\u00e9xico tiene ra\u00edces prehisp\u00e1nicas. Hoy, con esta gira, compartimos no solo conocimientos pedag\u00f3gicos, sino tambi\u00e9n poes\u00eda y narrativa con colegas como Pablo Lautaro y Guillermo Jim\u00e9nez Guzm\u00e1n. En mi caso, el foco est\u00e1 en la educaci\u00f3n f\u00edsica y c\u00f3mo se puede construir una base s\u00f3lida de movimiento desde edades tempranas para llegar al alto rendimiento, pero siempre evitando el hostigamiento del individuo\u201d<\/strong><\/em>, explic\u00f3.<\/p>\n<p data-start=\"2192\" data-end=\"2566\">Bravo Orihuela subray\u00f3 la necesidad de <strong data-start=\"2231\" data-end=\"2265\">evitar la frustraci\u00f3n infantil<\/strong> y permitir que el movimiento siga siendo placentero. \u201c<strong><em>Cuando un ni\u00f1o ya no disfruta el deporte, deja de ser formativo. La idea es fomentar competencias progresivas, respetando los intereses de los chicos y evitando presiones externas, muchas veces incluso provenientes de los propios padres\u201d<\/em><\/strong>, se\u00f1al\u00f3.<\/p>\n<p data-start=\"2568\" data-end=\"2857\">Asimismo, recalc\u00f3 que el <strong data-start=\"2593\" data-end=\"2631\">alto rendimiento es multifactorial<\/strong>: puede verse afectado por aspectos f\u00edsicos, emocionales o contextuales. <strong><em>\u201cNo se trata solo de entrenar duro. Tambi\u00e9n hay que considerar si el ni\u00f1o durmi\u00f3 bien, si tiene un entorno emocional sano. Todo eso influye\u201d<\/em><\/strong>, puntualiz\u00f3.<a href=\"https:\/\/vinasfm.com\/noticias\/wp-content\/uploads\/2025\/06\/Imagen-de-WhatsApp-2025-06-04-a-las-11.16.48_6d302a29.jpg\"><img loading=\"lazy\" decoding=\"async\" class=\"wp-image-149186 aligncenter\" src=\"https:\/\/vinasfm.com\/noticias\/wp-content\/uploads\/2025\/06\/Imagen-de-WhatsApp-2025-06-04-a-las-11.16.48_6d302a29-1024x682.jpg\" alt=\"\" width=\"600\" height=\"400\" srcset=\"https:\/\/vinasfm.com\/noticias\/wp-content\/uploads\/2025\/06\/Imagen-de-WhatsApp-2025-06-04-a-las-11.16.48_6d302a29-1024x682.jpg 1024w, https:\/\/vinasfm.com\/noticias\/wp-content\/uploads\/2025\/06\/Imagen-de-WhatsApp-2025-06-04-a-las-11.16.48_6d302a29-300x200.jpg 300w, https:\/\/vinasfm.com\/noticias\/wp-content\/uploads\/2025\/06\/Imagen-de-WhatsApp-2025-06-04-a-las-11.16.48_6d302a29-768x512.jpg 768w, https:\/\/vinasfm.com\/noticias\/wp-content\/uploads\/2025\/06\/Imagen-de-WhatsApp-2025-06-04-a-las-11.16.48_6d302a29-1536x1023.jpg 1536w, https:\/\/vinasfm.com\/noticias\/wp-content\/uploads\/2025\/06\/Imagen-de-WhatsApp-2025-06-04-a-las-11.16.48_6d302a29.jpg 1600w\" sizes=\"auto, (max-width: 600px) 100vw, 600px\" \/><\/a><\/p>\n<p data-start=\"2859\" data-end=\"3137\">La charla tambi\u00e9n contempl\u00f3 el rol de las instituciones escolares y deportivas en la identificaci\u00f3n y acompa\u00f1amiento de talentos, as\u00ed como la necesidad de postergar la especializaci\u00f3n deportiva hasta despu\u00e9s de los 15 a\u00f1os, cuando el organismo alcanza un mayor grado de madurez.<\/p>\n<p data-start=\"3139\" data-end=\"3544\" data-is-last-node=\"\" data-is-only-node=\"\">El evento fue bien recibido por los asistentes, quienes valoraron la <strong data-start=\"3208\" data-end=\"3233\">propuesta integradora<\/strong> y el <strong data-start=\"3239\" data-end=\"3276\">intercambio cultural enriquecedor<\/strong>, que continuar\u00e1 en los pr\u00f3ximos d\u00edas con presentaciones de libros y actividades literarias. Esta iniciativa reafirma el compromiso del municipio con el <strong data-start=\"3429\" data-end=\"3486\">fortalecimiento de los equipos de formaci\u00f3n deportiva<\/strong> y el desarrollo humano a trav\u00e9s del deporte y la cultura.<\/p>\n<\/div>\n<\/div>\n<\/div>\n<\/div>\n<\/div>\n<\/div>\n<\/div>\n<\/div>\n<\/article>\n<div class=\"pointer-events-none h-px w-px\" aria-hidden=\"true\" data-edge=\"true\"><\/div>\n","protected":false},"excerpt":{"rendered":"<p>En la jornada del martes se desarroll\u00f3 una enriquecedora charla titulada \u201cProceso Pedag\u00f3gico del Deporte de Alto Rendimiento\u201d, dirigida a formadores, &#8230;<\/p>\n","protected":false},"author":7,"featured_media":149183,"comment_status":"open","ping_status":"open","sticky":false,"template":"","format":"standard","meta":{"footnotes":""},"categories":[5,3],"tags":[],"class_list":["post-149178","post","type-post","status-publish","format-standard","has-post-thumbnail","hentry","category-actualidad","category-deportes"],"_links":{"self":[{"href":"https:\/\/vinasfm.com\/noticias\/wp-json\/wp\/v2\/posts\/149178","targetHints":{"allow":["GET"]}}],"collection":[{"href":"https:\/\/vinasfm.com\/noticias\/wp-json\/wp\/v2\/posts"}],"about":[{"href":"https:\/\/vinasfm.com\/noticias\/wp-json\/wp\/v2\/types\/post"}],"author":[{"embeddable":true,"href":"https:\/\/vinasfm.com\/noticias\/wp-json\/wp\/v2\/users\/7"}],"replies":[{"embeddable":true,"href":"https:\/\/vinasfm.com\/noticias\/wp-json\/wp\/v2\/comments?post=149178"}],"version-history":[{"count":3,"href":"https:\/\/vinasfm.com\/noticias\/wp-json\/wp\/v2\/posts\/149178\/revisions"}],"predecessor-version":[{"id":149243,"href":"https:\/\/vinasfm.com\/noticias\/wp-json\/wp\/v2\/posts\/149178\/revisions\/149243"}],"wp:featuredmedia":[{"embeddable":true,"href":"https:\/\/vinasfm.com\/noticias\/wp-json\/wp\/v2\/media\/149183"}],"wp:attachment":[{"href":"https:\/\/vinasfm.com\/noticias\/wp-json\/wp\/v2\/media?parent=149178"}],"wp:term":[{"taxonomy":"category","embeddable":true,"href":"https:\/\/vinasfm.com\/noticias\/wp-json\/wp\/v2\/categories?post=149178"},{"taxonomy":"post_tag","embeddable":true,"href":"https:\/\/vinasfm.com\/noticias\/wp-json\/wp\/v2\/tags?post=149178"}],"curies":[{"name":"wp","href":"https:\/\/api.w.org\/{rel}","templated":true}]}}