{"id":149177,"date":"2025-06-04T11:38:51","date_gmt":"2025-06-04T14:38:51","guid":{"rendered":"https:\/\/vinasfm.com\/noticias\/?p=149177"},"modified":"2025-06-05T10:21:48","modified_gmt":"2025-06-05T13:21:48","slug":"carmensa-ya-tiene-todo-listo-para-celebrar-a-san-pedro-apostol","status":"publish","type":"post","link":"https:\/\/vinasfm.com\/noticias\/carmensa-ya-tiene-todo-listo-para-celebrar-a-san-pedro-apostol\/","title":{"rendered":"CARMENSA YA TIENE TODO LISTO PARA CELEBRAR A SAN PEDRO AP\u00d3STOL"},"content":{"rendered":"<h4>Durante la ma\u00f1ana, se anunci\u00f3 que ya se encuentra todo listo para los esperados festejos en honor a San Pedro Ap\u00f3stol, patrono del distrito. Con una agenda que combina tradici\u00f3n y actividades culturales, la comunidad se prepara para vivir uno de los eventos m\u00e1s importantes del calendario local.<\/h4>\n<p>La delegada, Norma Costa, inform\u00f3 que los preparativos comenzaron hace semanas y que se han coordinado diversas acciones con instituciones locales y vecinos para garantizar una celebraci\u00f3n segura y participativa.<\/p>\n<p>Entre las actividades programadas se destacan la tradicional fogata prevista para el domingo 29 de junio, adem\u00e1s de un festival folkl\u00f3rico, feria de artesanos, y destrezas criollas.<\/p>\n<p>Con entusiasmo y devoci\u00f3n, Carmensa se prepara para rendir homenaje a su santo patrono, renovando una tradici\u00f3n que sigue viva gracias al compromiso de su gente.<\/p>\n","protected":false},"excerpt":{"rendered":"<p>Durante la ma\u00f1ana, se anunci\u00f3 que ya se encuentra todo listo para los esperados festejos en honor a San Pedro Ap\u00f3stol, &#8230;<\/p>\n","protected":false},"author":7,"featured_media":23183,"comment_status":"open","ping_status":"open","sticky":false,"template":"","format":"standard","meta":{"footnotes":""},"categories":[5,19],"tags":[],"class_list":["post-149177","post","type-post","status-publish","format-standard","has-post-thumbnail","hentry","category-actualidad","category-cultura"],"_links":{"self":[{"href":"https:\/\/vinasfm.com\/noticias\/wp-json\/wp\/v2\/posts\/149177","targetHints":{"allow":["GET"]}}],"collection":[{"href":"https:\/\/vinasfm.com\/noticias\/wp-json\/wp\/v2\/posts"}],"about":[{"href":"https:\/\/vinasfm.com\/noticias\/wp-json\/wp\/v2\/types\/post"}],"author":[{"embeddable":true,"href":"https:\/\/vinasfm.com\/noticias\/wp-json\/wp\/v2\/users\/7"}],"replies":[{"embeddable":true,"href":"https:\/\/vinasfm.com\/noticias\/wp-json\/wp\/v2\/comments?post=149177"}],"version-history":[{"count":1,"href":"https:\/\/vinasfm.com\/noticias\/wp-json\/wp\/v2\/posts\/149177\/revisions"}],"predecessor-version":[{"id":149179,"href":"https:\/\/vinasfm.com\/noticias\/wp-json\/wp\/v2\/posts\/149177\/revisions\/149179"}],"wp:featuredmedia":[{"embeddable":true,"href":"https:\/\/vinasfm.com\/noticias\/wp-json\/wp\/v2\/media\/23183"}],"wp:attachment":[{"href":"https:\/\/vinasfm.com\/noticias\/wp-json\/wp\/v2\/media?parent=149177"}],"wp:term":[{"taxonomy":"category","embeddable":true,"href":"https:\/\/vinasfm.com\/noticias\/wp-json\/wp\/v2\/categories?post=149177"},{"taxonomy":"post_tag","embeddable":true,"href":"https:\/\/vinasfm.com\/noticias\/wp-json\/wp\/v2\/tags?post=149177"}],"curies":[{"name":"wp","href":"https:\/\/api.w.org\/{rel}","templated":true}]}}