{"id":149167,"date":"2025-06-04T10:28:15","date_gmt":"2025-06-04T13:28:15","guid":{"rendered":"https:\/\/vinasfm.com\/noticias\/?p=149167"},"modified":"2025-06-05T10:23:11","modified_gmt":"2025-06-05T13:23:11","slug":"los-traumatologos-dejaron-de-atender-a-jubilados-del-pami-en-cinco-clinicas-a-un-mes-del-acuerdo","status":"publish","type":"post","link":"https:\/\/vinasfm.com\/noticias\/los-traumatologos-dejaron-de-atender-a-jubilados-del-pami-en-cinco-clinicas-a-un-mes-del-acuerdo\/","title":{"rendered":"LOS TRAUMAT\u00d3LOGOS DEJARON DE ATENDER A JUBILADOS DEL PAMI EN CINCO CL\u00cdNICAS A UN MES DEL ACUERDO"},"content":{"rendered":"<h4><span style=\"color: #003300;\">\u00abSe decidi\u00f3 no atender en la cl\u00ednica Santa Mar\u00eda, Hospital Privado, Santa Isabel, Italiano y A mano\u00bb, afirm\u00f3 uno de los 30 profesionales que no recibe PAMI<\/span><\/h4>\n<article class=\"article-body first\">\n<div class=\"article-content\">\n<div class=\"cuerpo\" data-twitter-link=\"\">\n<p>El conflicto entre los m\u00e9dicos\u00a0<strong>traumat\u00f3logos<\/strong>\u00a0y cinco\u00a0<strong>cl\u00ednicas<\/strong>\u00a0de Mendoza volvi\u00f3 a foja cero. <em><strong>\u00abNunca firmamos nada y dilataron nuestros pedidos por 30 d\u00edas\u00bb<\/strong><\/em>, asegur\u00f3\u00a0Gerardo Salafia, uno de los 30 profesionales que renunci\u00f3 a prestar servicios a jubilados de\u00a0<strong>PAMI<\/strong>\u00a0por <em><strong>\u00ablas bajas prestaciones que pagan desde los hospitales\u00bb.<\/strong><\/em><\/p>\n<\/div>\n<\/div>\n<\/article>\n<article class=\"article-body\">\n<div class=\"article-content\">\n<div class=\"cuerpo\" data-twitter-link=\"\">\n<p>Las partes hab\u00edan llegado a un\u00a0<strong>acuerdo el 29 de abril<\/strong>\u00a0despu\u00e9s de un mes de conflicto. En ese momento, les prometieron el pago por prestaci\u00f3n en lugar del sistema viejo \u00abpor c\u00e1pita\u00bb como ven\u00edan haciendo, el cual establec\u00eda una remuneraci\u00f3n fija independientemente del volumen de consultas y cirug\u00edas.<\/p>\n<p>Al respecto, Salafia afirm\u00f3 que las \u00fanicas dos cl\u00ednicas que firmaron el\u00a0acuerdo fueron la Santa Clara y la Sociedad Espa\u00f1ola, y continuar\u00e1n prestando el servicio porque<strong><em> \u00abellos firmaron contrato como lo solicitamos\u00bb.<\/em><\/strong><\/p>\n<p><img loading=\"lazy\" decoding=\"async\" class=\"aligncenter\" src=\"https:\/\/media.diariouno.com.ar\/p\/7411d269bbaa9138d6a42af1353497e9\/adjuntos\/298\/imagenes\/009\/527\/0009527740\/1200x0\/smart\/pensiones-no-contributivas-invalidez-pami-1jpg.jpg\" width=\"668\" height=\"376\" \/><\/p>\n<p>El resto <em><strong>\u00abnunca firmaron y dilataron las cosas, por eso se decidi\u00f3 volver a no atender nada en la Cl\u00ednica Santa Mar\u00eda, Hospital Privado, Santa Isabel, Italiano y A mano\u00bb<\/strong><\/em>, sum\u00f3 el profesional.<\/p>\n<p>La medida comenz\u00f3 a regir desde el viernes 30 de mayo.<\/p>\n<h2>El argumento de los traumat\u00f3logos para no prestar servicios a jubilados de PAMI<\/h2>\n<p>En total, fueron 30 m\u00e9dicos traumat\u00f3logos los que renunciaron <strong><em>\u00abporque las sumas que pagaban eran humillantes\u00bb<\/em><\/strong>, seg\u00fan explic\u00f3 este martes el presidente de la Asociaci\u00f3n Mendocina de Ortopedia y Traumatolog\u00eda (AMOT), Daniel Fraccaro.<\/p>\n<p><strong><em>\u00abSe le pagaba m\u00e1s a un plomero, que los felicito, que a un profesional de la salud. Hay que buscar la soluci\u00f3n antes de que pasen estas cosas, como en cualquier trabajo, donde hay avisos y alertas. Como cualquier trabajo deber\u00eda ser remunerado como corresponde, m\u00e1s all\u00e1 de la responsabilidad porque trabajamos con paciente como el de\u00a0PAMI, que tiene una complejidad alt\u00edsima\u00bb<\/em><\/strong>, continu\u00f3.<\/p>\n<h2>Lo que cobraban los traumat\u00f3logos antes del acuerdo, seg\u00fan los traumat\u00f3logos<\/h2>\n<p>El\u00a0<strong>traumat\u00f3logo<\/strong>\u00a0Salafia explic\u00f3 que la diferencia es \u00ababismal\u00bb con otras\u00a0<strong>obras sociales<\/strong>: \u00abUna prepaga sin decir nombre, te paga por cada reemplazo de cadera $600.000 o $700.000 o m\u00e1s. Una obra social gremial puede llegar a pagar $1.000.000\u00bb.<\/p>\n<p>En el caso de las consultas asegur\u00f3 que por atender\u00a0<strong>PAMI<\/strong>\u00a0en una cl\u00ednica privada perciben $5.000 mientras que en el resto de las obras sociales entre $14.000 y $16.000. Este valor, en espec\u00edfico, quieren subirlo a $8.000.<\/p>\n<p>\u00abSabemos que\u00a0<strong>PAMI<\/strong>\u00a0no va a pagar valores similares porque los aportes que recibe son menores. Pero nosotros queremos una actualizaci\u00f3n\u00bb, continu\u00f3.<\/p>\n<\/div>\n<\/div>\n<\/article>\n","protected":false},"excerpt":{"rendered":"<p>\u00abSe decidi\u00f3 no atender en la cl\u00ednica Santa Mar\u00eda, Hospital Privado, Santa Isabel, Italiano y A mano\u00bb, afirm\u00f3 uno de los &#8230;<\/p>\n","protected":false},"author":7,"featured_media":149168,"comment_status":"open","ping_status":"open","sticky":false,"template":"","format":"standard","meta":{"footnotes":""},"categories":[5,15],"tags":[],"class_list":["post-149167","post","type-post","status-publish","format-standard","has-post-thumbnail","hentry","category-actualidad","category-salud"],"_links":{"self":[{"href":"https:\/\/vinasfm.com\/noticias\/wp-json\/wp\/v2\/posts\/149167","targetHints":{"allow":["GET"]}}],"collection":[{"href":"https:\/\/vinasfm.com\/noticias\/wp-json\/wp\/v2\/posts"}],"about":[{"href":"https:\/\/vinasfm.com\/noticias\/wp-json\/wp\/v2\/types\/post"}],"author":[{"embeddable":true,"href":"https:\/\/vinasfm.com\/noticias\/wp-json\/wp\/v2\/users\/7"}],"replies":[{"embeddable":true,"href":"https:\/\/vinasfm.com\/noticias\/wp-json\/wp\/v2\/comments?post=149167"}],"version-history":[{"count":1,"href":"https:\/\/vinasfm.com\/noticias\/wp-json\/wp\/v2\/posts\/149167\/revisions"}],"predecessor-version":[{"id":149169,"href":"https:\/\/vinasfm.com\/noticias\/wp-json\/wp\/v2\/posts\/149167\/revisions\/149169"}],"wp:featuredmedia":[{"embeddable":true,"href":"https:\/\/vinasfm.com\/noticias\/wp-json\/wp\/v2\/media\/149168"}],"wp:attachment":[{"href":"https:\/\/vinasfm.com\/noticias\/wp-json\/wp\/v2\/media?parent=149167"}],"wp:term":[{"taxonomy":"category","embeddable":true,"href":"https:\/\/vinasfm.com\/noticias\/wp-json\/wp\/v2\/categories?post=149167"},{"taxonomy":"post_tag","embeddable":true,"href":"https:\/\/vinasfm.com\/noticias\/wp-json\/wp\/v2\/tags?post=149167"}],"curies":[{"name":"wp","href":"https:\/\/api.w.org\/{rel}","templated":true}]}}