{"id":149156,"date":"2025-06-04T10:01:50","date_gmt":"2025-06-04T13:01:50","guid":{"rendered":"https:\/\/vinasfm.com\/noticias\/?p=149156"},"modified":"2025-06-04T14:10:39","modified_gmt":"2025-06-04T17:10:39","slug":"vecinos-reclaman-por-el-mal-uso-de-la-senda-saludable","status":"publish","type":"post","link":"https:\/\/vinasfm.com\/noticias\/vecinos-reclaman-por-el-mal-uso-de-la-senda-saludable\/","title":{"rendered":"VECINOS RECLAMAN POR EL MAL USO DE LA SENDA SALUDABLE"},"content":{"rendered":"<h4><span style=\"color: #003300;\"><strong>Hace tan solo algunos meses fue inaugurada la Senda Saludable de Diagonal Carlos Pellegrini, con el fin de que los vecinos de General Alvear cuenten con un espacio c\u00f3modo para ejercitarse.<\/strong><\/span><\/h4>\n<p><del><a href=\"https:\/\/vinasfm.com\/noticias\/wp-content\/uploads\/2025\/06\/IMG-20250604-WA0014.jpg\"><img loading=\"lazy\" decoding=\"async\" class=\"alignnone size-medium wp-image-149193\" src=\"https:\/\/vinasfm.com\/noticias\/wp-content\/uploads\/2025\/06\/IMG-20250604-WA0014-225x300.jpg\" alt=\"\" width=\"225\" height=\"300\" srcset=\"https:\/\/vinasfm.com\/noticias\/wp-content\/uploads\/2025\/06\/IMG-20250604-WA0014-225x300.jpg 225w, https:\/\/vinasfm.com\/noticias\/wp-content\/uploads\/2025\/06\/IMG-20250604-WA0014-768x1024.jpg 768w, https:\/\/vinasfm.com\/noticias\/wp-content\/uploads\/2025\/06\/IMG-20250604-WA0014-1152x1536.jpg 1152w, https:\/\/vinasfm.com\/noticias\/wp-content\/uploads\/2025\/06\/IMG-20250604-WA0014.jpg 1200w\" sizes=\"auto, (max-width: 225px) 100vw, 225px\" \/><\/a> <a href=\"https:\/\/vinasfm.com\/noticias\/wp-content\/uploads\/2025\/06\/IMG-20250604-WA0013.jpg\"><img loading=\"lazy\" decoding=\"async\" class=\"alignnone size-medium wp-image-149194\" src=\"https:\/\/vinasfm.com\/noticias\/wp-content\/uploads\/2025\/06\/IMG-20250604-WA0013-225x300.jpg\" alt=\"\" width=\"225\" height=\"300\" srcset=\"https:\/\/vinasfm.com\/noticias\/wp-content\/uploads\/2025\/06\/IMG-20250604-WA0013-225x300.jpg 225w, https:\/\/vinasfm.com\/noticias\/wp-content\/uploads\/2025\/06\/IMG-20250604-WA0013-768x1024.jpg 768w, https:\/\/vinasfm.com\/noticias\/wp-content\/uploads\/2025\/06\/IMG-20250604-WA0013-1152x1536.jpg 1152w, https:\/\/vinasfm.com\/noticias\/wp-content\/uploads\/2025\/06\/IMG-20250604-WA0013.jpg 1200w\" sizes=\"auto, (max-width: 225px) 100vw, 225px\" \/><\/a> <a href=\"https:\/\/vinasfm.com\/noticias\/wp-content\/uploads\/2025\/06\/IMG-20250604-WA0012.jpg\"><img loading=\"lazy\" decoding=\"async\" class=\"alignnone size-medium wp-image-149195\" src=\"https:\/\/vinasfm.com\/noticias\/wp-content\/uploads\/2025\/06\/IMG-20250604-WA0012-225x300.jpg\" alt=\"\" width=\"225\" height=\"300\" srcset=\"https:\/\/vinasfm.com\/noticias\/wp-content\/uploads\/2025\/06\/IMG-20250604-WA0012-225x300.jpg 225w, https:\/\/vinasfm.com\/noticias\/wp-content\/uploads\/2025\/06\/IMG-20250604-WA0012-768x1024.jpg 768w, https:\/\/vinasfm.com\/noticias\/wp-content\/uploads\/2025\/06\/IMG-20250604-WA0012-1152x1536.jpg 1152w, https:\/\/vinasfm.com\/noticias\/wp-content\/uploads\/2025\/06\/IMG-20250604-WA0012.jpg 1200w\" sizes=\"auto, (max-width: 225px) 100vw, 225px\" \/><\/a><\/del><\/p>\n<p>En la ma\u00f1ana de este mi\u00e9rcoles, vecinos que utilizan habitualmente la Senda Saludable expresaron su malestar por el mal uso de la misma. En im\u00e1genes que llegaron a la redacci\u00f3n de <span style=\"color: #003366;\"><strong>FM VI\u00d1AS<\/strong><\/span>,<strong> se observa un cami\u00f3n de importantes dimensiones estacionado sobre el camino asfaltado, impidiendo el tr\u00e1nsito de los peatones.<\/strong><\/p>\n<p><em><strong>\u00abSe quejan de que no hacen nada, pero cuando hacen se ocupan de romper\u00bb<\/strong><\/em>, expres\u00f3 notablemente moleste un vecino y explic\u00f3 que el rodado se encontraba <strong><em>\u00abestacionado, descargando materiales de construcci\u00f3n en una vivienda y haciendo distintas maniobras para estacionar sobre\u00a0la\u00a0senda\u00bb.<\/em><\/strong><\/p>\n<p><a href=\"https:\/\/vinasfm.com\/noticias\/wp-content\/uploads\/2025\/06\/Imagen-de-WhatsApp-2025-06-04-a-las-09.50.39_104a3d63.jpg\"><img loading=\"lazy\" decoding=\"async\" class=\"wp-image-149159 aligncenter\" src=\"https:\/\/vinasfm.com\/noticias\/wp-content\/uploads\/2025\/06\/Imagen-de-WhatsApp-2025-06-04-a-las-09.50.39_104a3d63-768x1024.jpg\" alt=\"\" width=\"500\" height=\"667\" srcset=\"https:\/\/vinasfm.com\/noticias\/wp-content\/uploads\/2025\/06\/Imagen-de-WhatsApp-2025-06-04-a-las-09.50.39_104a3d63-768x1024.jpg 768w, https:\/\/vinasfm.com\/noticias\/wp-content\/uploads\/2025\/06\/Imagen-de-WhatsApp-2025-06-04-a-las-09.50.39_104a3d63-225x300.jpg 225w, https:\/\/vinasfm.com\/noticias\/wp-content\/uploads\/2025\/06\/Imagen-de-WhatsApp-2025-06-04-a-las-09.50.39_104a3d63-1152x1536.jpg 1152w, https:\/\/vinasfm.com\/noticias\/wp-content\/uploads\/2025\/06\/Imagen-de-WhatsApp-2025-06-04-a-las-09.50.39_104a3d63.jpg 1200w\" sizes=\"auto, (max-width: 500px) 100vw, 500px\" \/><\/a><\/p>\n","protected":false},"excerpt":{"rendered":"<p>Hace tan solo algunos meses fue inaugurada la Senda Saludable de Diagonal Carlos Pellegrini, con el fin de que los vecinos &#8230;<\/p>\n","protected":false},"author":7,"featured_media":149157,"comment_status":"open","ping_status":"open","sticky":false,"template":"","format":"standard","meta":{"footnotes":""},"categories":[5,10],"tags":[],"class_list":["post-149156","post","type-post","status-publish","format-standard","has-post-thumbnail","hentry","category-actualidad","category-destacadas"],"_links":{"self":[{"href":"https:\/\/vinasfm.com\/noticias\/wp-json\/wp\/v2\/posts\/149156","targetHints":{"allow":["GET"]}}],"collection":[{"href":"https:\/\/vinasfm.com\/noticias\/wp-json\/wp\/v2\/posts"}],"about":[{"href":"https:\/\/vinasfm.com\/noticias\/wp-json\/wp\/v2\/types\/post"}],"author":[{"embeddable":true,"href":"https:\/\/vinasfm.com\/noticias\/wp-json\/wp\/v2\/users\/7"}],"replies":[{"embeddable":true,"href":"https:\/\/vinasfm.com\/noticias\/wp-json\/wp\/v2\/comments?post=149156"}],"version-history":[{"count":5,"href":"https:\/\/vinasfm.com\/noticias\/wp-json\/wp\/v2\/posts\/149156\/revisions"}],"predecessor-version":[{"id":149196,"href":"https:\/\/vinasfm.com\/noticias\/wp-json\/wp\/v2\/posts\/149156\/revisions\/149196"}],"wp:featuredmedia":[{"embeddable":true,"href":"https:\/\/vinasfm.com\/noticias\/wp-json\/wp\/v2\/media\/149157"}],"wp:attachment":[{"href":"https:\/\/vinasfm.com\/noticias\/wp-json\/wp\/v2\/media?parent=149156"}],"wp:term":[{"taxonomy":"category","embeddable":true,"href":"https:\/\/vinasfm.com\/noticias\/wp-json\/wp\/v2\/categories?post=149156"},{"taxonomy":"post_tag","embeddable":true,"href":"https:\/\/vinasfm.com\/noticias\/wp-json\/wp\/v2\/tags?post=149156"}],"curies":[{"name":"wp","href":"https:\/\/api.w.org\/{rel}","templated":true}]}}