{"id":149137,"date":"2025-06-04T08:24:29","date_gmt":"2025-06-04T11:24:29","guid":{"rendered":"https:\/\/vinasfm.com\/noticias\/?p=149137"},"modified":"2025-06-04T11:06:32","modified_gmt":"2025-06-04T14:06:32","slug":"alerta-por-influenza-en-mendoza-crecen-los-casos-y-la-guardia-del-notti-registra-un-20-mas-de-consultas","status":"publish","type":"post","link":"https:\/\/vinasfm.com\/noticias\/alerta-por-influenza-en-mendoza-crecen-los-casos-y-la-guardia-del-notti-registra-un-20-mas-de-consultas\/","title":{"rendered":"ALERTA POR INFLUENZA EN MENDOZA: CRECEN LOS CASOS Y LA GUARDIA DEL NOTTI REGISTRA UN 20% M\u00c1S DE CONSULTAS"},"content":{"rendered":"<h4 class=\"newspack-post-subtitle\"><strong><span style=\"color: #003300;\">Este cuadro se caracteriza por fiebre muy alta, dolores musculares y escalofr\u00edos.<\/span><\/strong><\/h4>\n<p>Con la llegada del\u00a0<strong>fr\u00edo,<\/strong>\u00a0las\u00a0<strong>enfermedades respiratorias<\/strong>\u00a0comienzan a mostrar su impacto en\u00a0<strong>Mendoza<\/strong>. De acuerdo con la informaci\u00f3n oficial, en el\u00a0<strong>hospital pedi\u00e1trico Humberto Notti<\/strong>\u00a0se registra un\u00a0<strong>aumento tanto de las consultas ambulatorias como de los casos de influenza<\/strong>, lo que genera una alerta en la comunidad m\u00e9dica.<\/p>\n<p>Seg\u00fan explic\u00f3\u00a0la\u00a0<strong>jefa de Infectolog\u00eda del Notti, <span style=\"color: #003366;\">Lorena Di Pauli<\/span><\/strong>, en las \u00faltimas tres semanas han notado\u00a0<em><strong>\u201cun incremento de las consultas de enfermedad tipo influenza\u201d<\/strong><\/em>, lo que com\u00fanmente se conoce como s\u00edndrome gripal. Este cuadro se caracteriza por <em><strong>\u201cfiebre muy alta, de 39 grados, dolores musculares y escalofr\u00edos\u201d.<\/strong><\/em><\/p>\n<p><strong><em>\u201cEl aumento ronda el 15%\u00a0y abarca tanto a pacientes ambulatorios como internados\u201d<\/em><\/strong>, precis\u00f3 la m\u00e9dica. Y agreg\u00f3: <strong>\u201c<em>Este virus puede manifestarse como un s\u00edndrome gripal o incluso derivar en una neumon\u00eda, siendo la fiebre alta y persistente una de sus caracter\u00edsticas<\/em>\u201c.<\/strong><\/p>\n<h2 id=\"h-consultas-en-la-guardia-del-notti-en-alza\" class=\"wp-block-heading\">Consultas en la guardia del Notti, en alza<\/h2>\n<p>A mediados de mayo, las consultas ambulatorias en la guardia, por infecciones respiratorias, crecieron un\u00a0<strong>20%<\/strong>\u201c, seg\u00fan revel\u00f3 la infect\u00f3loga.<\/p>\n<p>A pesar de esto, Di Pauli aclar\u00f3 que \u201c<strong>el Notti no est\u00e1 colapsado\u201d\u00a0<\/strong>y que, en general, la poblaci\u00f3n internada por estos cuadros no es mayor a la esperada para la \u00e9poca.<\/p>\n<div class=\"entry-subhead\">\n<div class=\"entry-meta\">\n<p><em><strong>\u201cDe hecho, este a\u00f1o se ha visto una menor circulaci\u00f3n del Virus Sincicial Respiratorio (VSR), que suele afectar fuertemente a los ni\u00f1os desde marzo o abril\u201d<\/strong><\/em>, indic\u00f3.<\/p>\n<p><img decoding=\"async\" class=\"aligncenter\" src=\"https:\/\/i0.wp.com\/www.elsol.com.ar\/wp-content\/uploads\/2024\/10\/vacunacion-contra-polio.jpg?resize=600%2C450&amp;ssl=1\" alt=\"Mendoza intensificar\u00e1 la vacunaci\u00f3n contra la poliomielitis\" \/><\/p>\n<h2 id=\"h-la-importancia-de-la-vacunacion\" class=\"wp-block-heading\">La importancia de la vacunaci\u00f3n<\/h2>\n<p>En este contexto, la especialista del Notti hizo un fuerte hincapi\u00e9 en la\u00a0<strong>vacunaci\u00f3n contra la gripe<\/strong>\u00a0y en la necesidad de concientizar a las familias sobre el tema.<\/p>\n<p><em><strong>\u201cLa vacunaci\u00f3n es gratuita para los menores de seis meses hasta los dos a\u00f1os\u201d<\/strong><\/em>, record\u00f3. Adem\u00e1s, advirti\u00f3 que <strong>\u201cla gratuidad tambi\u00e9n corre para los chicos de 6 a 65 a\u00f1os con factores de riesgo (como obesidad, diabetes, enfermedades pulmonares o card\u00edacas), un grupo que muchas veces no acude a vacunarse por falta de seguimiento\u201d.<\/strong><\/p>\n<p>Por otro lado, Di Pauli destac\u00f3 que en el caso de la poblaci\u00f3n sana tambi\u00e9n es posible acceder a las dosis, ya que las prepagas y OSEP ofrecen descuentos significativos.<\/p>\n<p><strong><em>\u201cNo es una vacuna muy cara, es bastante accesible y protegen a los chicos contra una enfermedad que es inmunoprevenible\u201c<\/em><\/strong>, concluy\u00f3, subrayando la importancia de esta herramienta para la salud de los m\u00e1s peque\u00f1os.<\/p>\n<\/div>\n<\/div>\n","protected":false},"excerpt":{"rendered":"<p>Este cuadro se caracteriza por fiebre muy alta, dolores musculares y escalofr\u00edos. Con la llegada del\u00a0fr\u00edo,\u00a0las\u00a0enfermedades respiratorias\u00a0comienzan a mostrar su impacto &#8230;<\/p>\n","protected":false},"author":7,"featured_media":149138,"comment_status":"open","ping_status":"open","sticky":false,"template":"","format":"standard","meta":{"footnotes":""},"categories":[15,11],"tags":[],"class_list":["post-149137","post","type-post","status-publish","format-standard","has-post-thumbnail","hentry","category-salud","category-sociales"],"_links":{"self":[{"href":"https:\/\/vinasfm.com\/noticias\/wp-json\/wp\/v2\/posts\/149137","targetHints":{"allow":["GET"]}}],"collection":[{"href":"https:\/\/vinasfm.com\/noticias\/wp-json\/wp\/v2\/posts"}],"about":[{"href":"https:\/\/vinasfm.com\/noticias\/wp-json\/wp\/v2\/types\/post"}],"author":[{"embeddable":true,"href":"https:\/\/vinasfm.com\/noticias\/wp-json\/wp\/v2\/users\/7"}],"replies":[{"embeddable":true,"href":"https:\/\/vinasfm.com\/noticias\/wp-json\/wp\/v2\/comments?post=149137"}],"version-history":[{"count":1,"href":"https:\/\/vinasfm.com\/noticias\/wp-json\/wp\/v2\/posts\/149137\/revisions"}],"predecessor-version":[{"id":149139,"href":"https:\/\/vinasfm.com\/noticias\/wp-json\/wp\/v2\/posts\/149137\/revisions\/149139"}],"wp:featuredmedia":[{"embeddable":true,"href":"https:\/\/vinasfm.com\/noticias\/wp-json\/wp\/v2\/media\/149138"}],"wp:attachment":[{"href":"https:\/\/vinasfm.com\/noticias\/wp-json\/wp\/v2\/media?parent=149137"}],"wp:term":[{"taxonomy":"category","embeddable":true,"href":"https:\/\/vinasfm.com\/noticias\/wp-json\/wp\/v2\/categories?post=149137"},{"taxonomy":"post_tag","embeddable":true,"href":"https:\/\/vinasfm.com\/noticias\/wp-json\/wp\/v2\/tags?post=149137"}],"curies":[{"name":"wp","href":"https:\/\/api.w.org\/{rel}","templated":true}]}}