{"id":149101,"date":"2025-06-02T10:29:27","date_gmt":"2025-06-02T13:29:27","guid":{"rendered":"https:\/\/vinasfm.com\/noticias\/?p=149101"},"modified":"2025-06-03T10:38:54","modified_gmt":"2025-06-03T13:38:54","slug":"ola-de-robos-un-vecino-denuncio-que-delincuentes-desmantelaron-su-automovil","status":"publish","type":"post","link":"https:\/\/vinasfm.com\/noticias\/ola-de-robos-un-vecino-denuncio-que-delincuentes-desmantelaron-su-automovil\/","title":{"rendered":"OLA DE ROBOS: UN VECINO DENUNCI\u00d3 QUE DELINCUENTES DESMANTELARON SU AUTOM\u00d3VIL"},"content":{"rendered":"<p data-sourcepos=\"3:1-3:327\"><span style=\"color: #003300;\"><strong>Un vecino de la calle Alberdi al 900, identificado solo como J., expres\u00f3 su frustraci\u00f3n y angustia tras sufrir el robo y posterior desmantelamiento de su autom\u00f3vil. El hecho, seg\u00fan su testimonio, ocurri\u00f3 durante la noche en las inmediaciones de su domicilio.<\/strong><\/span><\/p>\n<p data-sourcepos=\"5:1-5:288\">La v\u00edctima relat\u00f3 a <span style=\"color: #003300;\"><strong>FM VI\u00d1AS<\/strong><\/span> que su veh\u00edculo, un Renault 12 de color azul con una puerta blanca, fue sustra\u00eddo de la puerta de su casa. <strong><em>\u00abYa encontramos el auto, pero me robaron distribuidor, carburador, los cables, los cables de buj\u00eda y los cables de encendido\u00bb<\/em><\/strong>, lament\u00f3 J.<\/p>\n<p data-sourcepos=\"7:1-7:371\">Con visible impotencia, el vecino detall\u00f3 que los repuestos sustra\u00eddos eran recientes, ya que hab\u00eda tenido que reemplazarlos tras un robo anterior. <strong><em>\u00abLa semana anterior me robaron los cables y los compramos nuevos, ayer los pusimos y horas m\u00e1s tarde nos volvieron a robar\u00bb.<\/em><\/strong><\/p>\n<p data-sourcepos=\"9:1-9:315\">Seg\u00fan el testimonio de J., el veh\u00edculo fue encontrado a pocos metros de su vivienda, donde los delincuentes procedieron a desmantelarlo.<\/p>\n<p data-sourcepos=\"11:1-11:421\">El damnificado manifest\u00f3 su sensaci\u00f3n de estar indefenzo ante la reiteraci\u00f3n de hechos delictivos.\u00a0Este nuevo incidente se suma a la creciente preocupaci\u00f3n de los vecinos de la zona por la ola de robos que parecen estar afectando al sector. Las autoridades policiales a\u00fan no se han pronunciado sobre este caso en particular.<\/p>\n","protected":false},"excerpt":{"rendered":"<p>Un vecino de la calle Alberdi al 900, identificado solo como J., expres\u00f3 su frustraci\u00f3n y angustia tras sufrir el robo &#8230;<\/p>\n","protected":false},"author":7,"featured_media":149102,"comment_status":"open","ping_status":"open","sticky":false,"template":"","format":"standard","meta":{"footnotes":""},"categories":[5],"tags":[],"class_list":["post-149101","post","type-post","status-publish","format-standard","has-post-thumbnail","hentry","category-actualidad"],"_links":{"self":[{"href":"https:\/\/vinasfm.com\/noticias\/wp-json\/wp\/v2\/posts\/149101","targetHints":{"allow":["GET"]}}],"collection":[{"href":"https:\/\/vinasfm.com\/noticias\/wp-json\/wp\/v2\/posts"}],"about":[{"href":"https:\/\/vinasfm.com\/noticias\/wp-json\/wp\/v2\/types\/post"}],"author":[{"embeddable":true,"href":"https:\/\/vinasfm.com\/noticias\/wp-json\/wp\/v2\/users\/7"}],"replies":[{"embeddable":true,"href":"https:\/\/vinasfm.com\/noticias\/wp-json\/wp\/v2\/comments?post=149101"}],"version-history":[{"count":4,"href":"https:\/\/vinasfm.com\/noticias\/wp-json\/wp\/v2\/posts\/149101\/revisions"}],"predecessor-version":[{"id":149106,"href":"https:\/\/vinasfm.com\/noticias\/wp-json\/wp\/v2\/posts\/149101\/revisions\/149106"}],"wp:featuredmedia":[{"embeddable":true,"href":"https:\/\/vinasfm.com\/noticias\/wp-json\/wp\/v2\/media\/149102"}],"wp:attachment":[{"href":"https:\/\/vinasfm.com\/noticias\/wp-json\/wp\/v2\/media?parent=149101"}],"wp:term":[{"taxonomy":"category","embeddable":true,"href":"https:\/\/vinasfm.com\/noticias\/wp-json\/wp\/v2\/categories?post=149101"},{"taxonomy":"post_tag","embeddable":true,"href":"https:\/\/vinasfm.com\/noticias\/wp-json\/wp\/v2\/tags?post=149101"}],"curies":[{"name":"wp","href":"https:\/\/api.w.org\/{rel}","templated":true}]}}