{"id":149085,"date":"2025-06-03T10:05:08","date_gmt":"2025-06-03T13:05:08","guid":{"rendered":"https:\/\/vinasfm.com\/noticias\/?p=149085"},"modified":"2025-06-03T10:05:08","modified_gmt":"2025-06-03T13:05:08","slug":"vecinos-de-corral-de-lorca-reclaman-por-el-estado-critico-de-las-rutas-estamos-aislados","status":"publish","type":"post","link":"https:\/\/vinasfm.com\/noticias\/vecinos-de-corral-de-lorca-reclaman-por-el-estado-critico-de-las-rutas-estamos-aislados\/","title":{"rendered":"VECINOS DE CORRAL DE LORCA RECLAMAN POR EL ESTADO CR\u00cdTICO DE LAS RUTAS: \u00bbESTAMOS AISLADOS\u00bb"},"content":{"rendered":"<h4 data-start=\"0\" data-end=\"108\"><strong><span style=\"color: #003300;\">Gisella Lucero, vecina de la zona, expuso las dificultades para transitar por las rutas provinciales 205 y 206. Ambulancias y transportes escolares no logran ingresar con normalidad al paraje.<\/span><\/strong><\/h4>\n<p data-start=\"387\" data-end=\"760\">Lucero expres\u00f3 su profundo malestar y preocupaci\u00f3n por el estado de abandono que sufre el paraje ubicado a 80 kil\u00f3metros de General Alvear, en el sur de Mendoza.<strong> La principal demanda gira en torno a la intransitabilidad de las rutas provinciales 205 y 206, \u00fanicas v\u00edas de acceso a la comunidad rural.<\/strong><\/p>\n<p data-start=\"762\" data-end=\"1096\"><em><strong>\u201cEstamos en la costa del r\u00edo Diamante. Para llegar hay 40 kil\u00f3metros de ruta asfaltada y otros 40 de ripio en muy mal estado. La ruta 205 est\u00e1 tan deteriorada que solo se puede pasar con veh\u00edculos de doble tracci\u00f3n. Cuando llueve, no se entra ni se sale. Pero incluso sin lluvias, el terreno es un cerrucho permanente\u201d<\/strong><\/em>, relat\u00f3 <span style=\"color: #003366;\"><strong>Lucero<\/strong><\/span>.<\/p>\n<p data-start=\"1098\" data-end=\"1513\">En el paraje funcionan una escuela albergue bien equipada, un destacamento policial y un centro de salud que recibe la visita de un m\u00e9dico una vez por semana. Sin embargo, la conectividad con el resto del departamento es pr\u00e1cticamente nula por las condiciones del camino. <strong><em>\u201cTenemos muchos adultos mayores y si hay una urgencia, no puede entrar una ambulancia. Eso nos pone en una situaci\u00f3n de mucho riesgo\u201d<\/em><\/strong>, asegur\u00f3.<\/p>\n<p data-start=\"1515\" data-end=\"1911\">Lucero explic\u00f3 que cada a\u00f1o los vecinos presentan reclamos formales a las autoridades provinciales, pero nunca obtienen respuestas concretas. <em><strong>\u201cRecibimos respuestas, s\u00ed, pero quedan ah\u00ed. Todos los a\u00f1os es lo mismo, nunca se hace nada. Sabemos que cuando llueve quedamos aislados, pero tampoco cuando est\u00e1 seco se puede transitar. Ya no deber\u00edamos estar pidiendo, tendr\u00edan que preverlo\u201d<\/strong><\/em>, cuestion\u00f3.<\/p>\n<p data-start=\"1913\" data-end=\"2248\"><strong>La situaci\u00f3n tambi\u00e9n afecta al sistema educativo<\/strong>. Algunos ni\u00f1os del paraje asisten a la escuela Boven y deben viajar en una trafic que muchas veces no puede completar el recorrido.<strong><em> \u201cLas combis no quieren entrar porque el camino est\u00e1 muy feo. Entonces, tenemos que ir nosotros a buscarlos a la ruta con lo que tengamos\u201d<\/em><\/strong>, explic\u00f3 Lucero.<\/p>\n<p data-start=\"2250\" data-end=\"2483\">La historia se repite cada a\u00f1o, sin soluciones de fondo. <strong><em>\u201cPara poder llegar a mi casa, a veces tengo que dejar la camioneta a 6 o 7 kil\u00f3metros y que me vengan a buscar a caballo. No puede ser que estemos as\u00ed en pleno 2025\u201d<\/em><\/strong>, concluy\u00f3.<\/p>\n<p data-start=\"2485\" data-end=\"2761\" data-is-last-node=\"\" data-is-only-node=\"\">Los vecinos de Corral de Lorca piden con urgencia que Vialidad Provincial intervenga de manera definitiva para mejorar las condiciones de las rutas 205 y 206, esenciales para la vida cotidiana de esta comunidad rural que, pese al aislamiento, sigue luchando por ser escuchada.<\/p>\n","protected":false},"excerpt":{"rendered":"<p>Gisella Lucero, vecina de la zona, expuso las dificultades para transitar por las rutas provinciales 205 y 206. Ambulancias y transportes &#8230;<\/p>\n","protected":false},"author":7,"featured_media":149089,"comment_status":"open","ping_status":"open","sticky":false,"template":"","format":"standard","meta":{"footnotes":""},"categories":[1],"tags":[],"class_list":["post-149085","post","type-post","status-publish","format-standard","has-post-thumbnail","hentry","category-fmvinas"],"_links":{"self":[{"href":"https:\/\/vinasfm.com\/noticias\/wp-json\/wp\/v2\/posts\/149085","targetHints":{"allow":["GET"]}}],"collection":[{"href":"https:\/\/vinasfm.com\/noticias\/wp-json\/wp\/v2\/posts"}],"about":[{"href":"https:\/\/vinasfm.com\/noticias\/wp-json\/wp\/v2\/types\/post"}],"author":[{"embeddable":true,"href":"https:\/\/vinasfm.com\/noticias\/wp-json\/wp\/v2\/users\/7"}],"replies":[{"embeddable":true,"href":"https:\/\/vinasfm.com\/noticias\/wp-json\/wp\/v2\/comments?post=149085"}],"version-history":[{"count":1,"href":"https:\/\/vinasfm.com\/noticias\/wp-json\/wp\/v2\/posts\/149085\/revisions"}],"predecessor-version":[{"id":149090,"href":"https:\/\/vinasfm.com\/noticias\/wp-json\/wp\/v2\/posts\/149085\/revisions\/149090"}],"wp:featuredmedia":[{"embeddable":true,"href":"https:\/\/vinasfm.com\/noticias\/wp-json\/wp\/v2\/media\/149089"}],"wp:attachment":[{"href":"https:\/\/vinasfm.com\/noticias\/wp-json\/wp\/v2\/media?parent=149085"}],"wp:term":[{"taxonomy":"category","embeddable":true,"href":"https:\/\/vinasfm.com\/noticias\/wp-json\/wp\/v2\/categories?post=149085"},{"taxonomy":"post_tag","embeddable":true,"href":"https:\/\/vinasfm.com\/noticias\/wp-json\/wp\/v2\/tags?post=149085"}],"curies":[{"name":"wp","href":"https:\/\/api.w.org\/{rel}","templated":true}]}}