{"id":149048,"date":"2025-06-02T11:34:41","date_gmt":"2025-06-02T14:34:41","guid":{"rendered":"https:\/\/vinasfm.com\/noticias\/?p=149048"},"modified":"2025-06-03T09:50:30","modified_gmt":"2025-06-03T12:50:30","slug":"robaron-una-motocicleta-en-una-vivienda-ubicada-en-los-compartos","status":"publish","type":"post","link":"https:\/\/vinasfm.com\/noticias\/robaron-una-motocicleta-en-una-vivienda-ubicada-en-los-compartos\/","title":{"rendered":"ROBARON UNA MOTOCICLETA EN UNA VIVIENDA UBICADA EN LOS COMPARTOS"},"content":{"rendered":"<p data-sourcepos=\"3:1-3:165\"><span style=\"color: #003300;\"><strong>En hora de la madrugada de este lunes se registr\u00f3 el robo de una motocicleta en una vivienda ubicada en Calle 10, de Los Compartos.\u00a0<\/strong><\/span><\/p>\n<p data-sourcepos=\"5:1-5:284\">Seg\u00fan la denuncia radicada en la Comisar\u00eda 46\u00b0 de Bowen, la v\u00edctima, identificada como E.T., de 51 a\u00f1os, <strong>relat\u00f3 que su esposo escuch\u00f3 ruidos provenientes del garaje de la propiedad. Al salir a verificar, observ\u00f3 a un individuo desconocido huyendo del lugar a bordo de una motocicleta.<\/strong><\/p>\n<p data-sourcepos=\"7:1-7:220\">Momentos despu\u00e9s, <strong>la pareja se percat\u00f3 de que la motocicleta sustra\u00edda era de su propiedad, trat\u00e1ndose de una Keller 110 cc que hab\u00eda quedado con la llave puesta en el garaje<\/strong>, el cual no contaba con medidas de seguridad.<\/p>\n<p data-sourcepos=\"9:1-9:134\">Tras la denuncia, el magistrado interviniente dispuso las medidas de rigor para esclarecer el hecho y dar con el responsable del robo.<\/p>\n","protected":false},"excerpt":{"rendered":"<p>En hora de la madrugada de este lunes se registr\u00f3 el robo de una motocicleta en una vivienda ubicada en Calle &#8230;<\/p>\n","protected":false},"author":7,"featured_media":149051,"comment_status":"open","ping_status":"open","sticky":false,"template":"","format":"standard","meta":{"footnotes":""},"categories":[5,4],"tags":[],"class_list":["post-149048","post","type-post","status-publish","format-standard","has-post-thumbnail","hentry","category-actualidad","category-policiales"],"_links":{"self":[{"href":"https:\/\/vinasfm.com\/noticias\/wp-json\/wp\/v2\/posts\/149048","targetHints":{"allow":["GET"]}}],"collection":[{"href":"https:\/\/vinasfm.com\/noticias\/wp-json\/wp\/v2\/posts"}],"about":[{"href":"https:\/\/vinasfm.com\/noticias\/wp-json\/wp\/v2\/types\/post"}],"author":[{"embeddable":true,"href":"https:\/\/vinasfm.com\/noticias\/wp-json\/wp\/v2\/users\/7"}],"replies":[{"embeddable":true,"href":"https:\/\/vinasfm.com\/noticias\/wp-json\/wp\/v2\/comments?post=149048"}],"version-history":[{"count":2,"href":"https:\/\/vinasfm.com\/noticias\/wp-json\/wp\/v2\/posts\/149048\/revisions"}],"predecessor-version":[{"id":149054,"href":"https:\/\/vinasfm.com\/noticias\/wp-json\/wp\/v2\/posts\/149048\/revisions\/149054"}],"wp:featuredmedia":[{"embeddable":true,"href":"https:\/\/vinasfm.com\/noticias\/wp-json\/wp\/v2\/media\/149051"}],"wp:attachment":[{"href":"https:\/\/vinasfm.com\/noticias\/wp-json\/wp\/v2\/media?parent=149048"}],"wp:term":[{"taxonomy":"category","embeddable":true,"href":"https:\/\/vinasfm.com\/noticias\/wp-json\/wp\/v2\/categories?post=149048"},{"taxonomy":"post_tag","embeddable":true,"href":"https:\/\/vinasfm.com\/noticias\/wp-json\/wp\/v2\/tags?post=149048"}],"curies":[{"name":"wp","href":"https:\/\/api.w.org\/{rel}","templated":true}]}}