{"id":149039,"date":"2025-06-02T11:16:58","date_gmt":"2025-06-02T14:16:58","guid":{"rendered":"https:\/\/vinasfm.com\/noticias\/?p=149039"},"modified":"2025-06-02T11:19:11","modified_gmt":"2025-06-02T14:19:11","slug":"tension-en-la-ucr-mendocina-mendocinos-por-el-futuro-denuncia-intento-de-silenciar-la-voluntad-popular","status":"publish","type":"post","link":"https:\/\/vinasfm.com\/noticias\/tension-en-la-ucr-mendocina-mendocinos-por-el-futuro-denuncia-intento-de-silenciar-la-voluntad-popular\/","title":{"rendered":"TENSI\u00d3N EN LA UCR MENDOCINA: \u00abMENDOCINOS POR EL FUTURO\u00bb DENUNCIA INTENTO DE SILENCIAR LA VOLUNTAD POPULAR"},"content":{"rendered":"<h4 data-start=\"189\" data-end=\"480\"><strong><span style=\"color: #003300;\">El espacio pol\u00edtico <em data-start=\"243\" data-end=\"269\">Mendocinos por el Futuro<\/em>, que integra el Frente Cambia Mendoza, expres\u00f3 mediante un comunicado oficial su preocupaci\u00f3n ante lo que consideran \u00abun intento de desconocer la voluntad popular\u00bb por parte de la dirigencia de la UCR provincial.<\/span><\/strong><\/h4>\n<p data-start=\"482\" data-end=\"844\">En el texto, el espacio record\u00f3 que en las elecciones de 2023 obtuvo el 40% de los votos dentro del Frente Cambia Mendoza, lo que \u2014seg\u00fan destacan\u2014 les otorga legitimidad para participar en la toma de decisiones del Congreso partidario. Esta participaci\u00f3n es clave en el proceso de modificaci\u00f3n de la Carta Org\u00e1nica de cara a las pr\u00f3ximas elecciones legislativas.<\/p>\n<p data-start=\"846\" data-end=\"1146\">Sin embargo, seg\u00fan denuncia el comunicado, la conducci\u00f3n actual de la UCR y del gobierno provincial estar\u00eda imponiendo una estructura de poder que ignora el respaldo social recibido por este sector. <strong><em>\u00abLa estructura pol\u00edtica que conduce la UCR pretende desconocer la voluntad popular\u00bb<\/em><\/strong>, se\u00f1ala el texto.<\/p>\n<p data-start=\"1148\" data-end=\"1529\">El grupo asegur\u00f3 haber presentado propuestas orientadas al consenso y al di\u00e1logo, buscando la unidad de quienes desean superar d\u00e9cadas de<strong><em> \u00abdecadencia y populismo\u00bb<\/em><\/strong>. No obstante, afirman que sus iniciativas no fueron bien recibidas y que el <strong>Comit\u00e9 Provincia<\/strong> habr\u00eda optado por una postura <strong><em>\u201crestrictiva\u201d<\/em><\/strong> y <strong><em>\u201cobsoleta\u201d<\/em><\/strong>, orientada a conservar privilegios de las estructuras tradicionales.<\/p>\n<p data-start=\"1531\" data-end=\"1748\">La publicaci\u00f3n lleva las firmas de <em data-start=\"1566\" data-end=\"1592\">Mendocinos por el Futuro<\/em> y <em data-start=\"1595\" data-end=\"1622\">Alvearenses por el Futuro<\/em>, reforzando su voluntad de continuar participando activamente en la vida pol\u00edtica de Mendoza, pese a los obst\u00e1culos internos.<\/p>\n<h2 data-start=\"1531\" data-end=\"1748\">EL COMUNICADO<\/h2>\n<hr \/>\n<p><a href=\"https:\/\/vinasfm.com\/noticias\/wp-content\/uploads\/2025\/06\/18e77999-adb7-4f4e-8d95-ab9ffd4dc948.jpg\"><img loading=\"lazy\" decoding=\"async\" class=\"wp-image-149040 aligncenter\" src=\"https:\/\/vinasfm.com\/noticias\/wp-content\/uploads\/2025\/06\/18e77999-adb7-4f4e-8d95-ab9ffd4dc948.jpg\" alt=\"\" width=\"700\" height=\"1157\" srcset=\"https:\/\/vinasfm.com\/noticias\/wp-content\/uploads\/2025\/06\/18e77999-adb7-4f4e-8d95-ab9ffd4dc948.jpg 720w, https:\/\/vinasfm.com\/noticias\/wp-content\/uploads\/2025\/06\/18e77999-adb7-4f4e-8d95-ab9ffd4dc948-182x300.jpg 182w, https:\/\/vinasfm.com\/noticias\/wp-content\/uploads\/2025\/06\/18e77999-adb7-4f4e-8d95-ab9ffd4dc948-620x1024.jpg 620w\" sizes=\"auto, (max-width: 700px) 100vw, 700px\" \/><\/a><\/p>\n","protected":false},"excerpt":{"rendered":"<p>El espacio pol\u00edtico Mendocinos por el Futuro, que integra el Frente Cambia Mendoza, expres\u00f3 mediante un comunicado oficial su preocupaci\u00f3n ante &#8230;<\/p>\n","protected":false},"author":7,"featured_media":149042,"comment_status":"open","ping_status":"open","sticky":false,"template":"","format":"standard","meta":{"footnotes":""},"categories":[1],"tags":[],"class_list":["post-149039","post","type-post","status-publish","format-standard","has-post-thumbnail","hentry","category-fmvinas"],"_links":{"self":[{"href":"https:\/\/vinasfm.com\/noticias\/wp-json\/wp\/v2\/posts\/149039","targetHints":{"allow":["GET"]}}],"collection":[{"href":"https:\/\/vinasfm.com\/noticias\/wp-json\/wp\/v2\/posts"}],"about":[{"href":"https:\/\/vinasfm.com\/noticias\/wp-json\/wp\/v2\/types\/post"}],"author":[{"embeddable":true,"href":"https:\/\/vinasfm.com\/noticias\/wp-json\/wp\/v2\/users\/7"}],"replies":[{"embeddable":true,"href":"https:\/\/vinasfm.com\/noticias\/wp-json\/wp\/v2\/comments?post=149039"}],"version-history":[{"count":2,"href":"https:\/\/vinasfm.com\/noticias\/wp-json\/wp\/v2\/posts\/149039\/revisions"}],"predecessor-version":[{"id":149043,"href":"https:\/\/vinasfm.com\/noticias\/wp-json\/wp\/v2\/posts\/149039\/revisions\/149043"}],"wp:featuredmedia":[{"embeddable":true,"href":"https:\/\/vinasfm.com\/noticias\/wp-json\/wp\/v2\/media\/149042"}],"wp:attachment":[{"href":"https:\/\/vinasfm.com\/noticias\/wp-json\/wp\/v2\/media?parent=149039"}],"wp:term":[{"taxonomy":"category","embeddable":true,"href":"https:\/\/vinasfm.com\/noticias\/wp-json\/wp\/v2\/categories?post=149039"},{"taxonomy":"post_tag","embeddable":true,"href":"https:\/\/vinasfm.com\/noticias\/wp-json\/wp\/v2\/tags?post=149039"}],"curies":[{"name":"wp","href":"https:\/\/api.w.org\/{rel}","templated":true}]}}