{"id":148991,"date":"2025-05-31T10:26:32","date_gmt":"2025-05-31T13:26:32","guid":{"rendered":"https:\/\/vinasfm.com\/noticias\/?p=148991"},"modified":"2025-06-02T10:27:35","modified_gmt":"2025-06-02T13:27:35","slug":"salud-comenzo-a-planificar-la-estrategia-sanitaria-de-invierno-en-alta-montana","status":"publish","type":"post","link":"https:\/\/vinasfm.com\/noticias\/salud-comenzo-a-planificar-la-estrategia-sanitaria-de-invierno-en-alta-montana\/","title":{"rendered":"SALUD COMENZ\u00d3 A PLANIFICAR LA ESTRATEGIA SANITARIA DE INVIERNO EN ALTA MONTA\u00d1A"},"content":{"rendered":"<h4><span style=\"color: #003300;\"><strong>El objetivo es coordinar con las distintas \u00e1reas involucradas para garantizar la seguridad de turistas, transportistas y residentes en la zona cordillerana.<\/strong><\/span><\/h4>\n<p>El Ministerio de Salud y Deportes de Mendoza inici\u00f3 los preparativos para la temporada invernal en Alta Monta\u00f1a, con el fin de garantizar la seguridad de turistas, transportistas y residentes. <strong>La estrategia, dise\u00f1ada en conjunto con otros organismos provinciales y municipales, busca optimizar los recursos sanitarios y de rescate, corrigiendo falencias detectadas en a\u00f1os anteriores.<\/strong><\/p>\n<p>Con este objetivo, ayer se realiz\u00f3 una primera reuni\u00f3n en la Casa de Gobierno, encabezada por la <em>subsecretaria de Salud<\/em>,<span style=\"color: #003366;\"><strong> Carina Copparoni<\/strong><\/span>. Participaron el <em>director de Hospitales<\/em>, <span style=\"color: #003366;\"><strong>Jorge P\u00e9rez<\/strong><\/span>; <em>el secretario de Gobierno de la Municipalidad de Las Heras<\/em>, <strong><span style=\"color: #003366;\">Eduardo Mart\u00edn<\/span><\/strong>, y <em>representantes de las \u00e1reas de la Municipalidad y de los ministerios de Salud y de Seguridad<\/em> que tendr\u00e1n a cargo los operativos que se desplegar\u00e1n en la zona. Entre ellos, estuvieron el <em>director del Hospital Luis Chrabalowski<\/em>, <span style=\"color: #003366;\"><strong>Marcelo Luconi<\/strong><\/span>, y el jefe de la<em> Patrulla de Rescate del Ministerio de Seguridad<\/em>, <span style=\"color: #003366;\"><strong>Antonio Ibaceta<\/strong><\/span>.<\/p>\n<p>Al t\u00e9rmino del encuentro, el director de Hospitales destac\u00f3 la importancia de la coordinaci\u00f3n interinstitucional y explic\u00f3 que el encuentro se enfoc\u00f3 <em><strong>\u201cen la correcci\u00f3n de errores y en afinar la estrategia para tener una zona segura tanto para turistas como los transportistas y, por supuesto, residentes de la zona\u201d.<\/strong><\/em><\/p>\n<p>En tanto, el representante del Ministerio de Seguridad y Justicia inform\u00f3 que entre las medidas que se acordaron de cara a la presente temporada, <em><strong>\u201cse destacan el monitoreo constante de las condiciones clim\u00e1ticas, la se\u00f1alizaci\u00f3n de riesgos en caminos y la ampliaci\u00f3n de equipos de rescate en zonas como el Parque Provincial Aconcagua y la ruta internacional a Chile\u201d.<\/strong><\/em><\/p>\n<p>Con esta planificaci\u00f3n, las autoridades mendocinas buscan reducir al m\u00ednimo los riesgos en una de las \u00e9pocas m\u00e1s desafiantes para la regi\u00f3n. El trabajo en equipo entre Salud, Seguridad y los municipios involucrados ser\u00e1 clave para responder con agilidad a cualquier contingencia, asegurando que la Alta Monta\u00f1a siga siendo un destino atractivo pero, sobre todo, seguro.<\/p>\n","protected":false},"excerpt":{"rendered":"<p>El objetivo es coordinar con las distintas \u00e1reas involucradas para garantizar la seguridad de turistas, transportistas y residentes en la zona &#8230;<\/p>\n","protected":false},"author":7,"featured_media":148992,"comment_status":"open","ping_status":"open","sticky":false,"template":"","format":"standard","meta":{"footnotes":""},"categories":[5,10],"tags":[],"class_list":["post-148991","post","type-post","status-publish","format-standard","has-post-thumbnail","hentry","category-actualidad","category-destacadas"],"_links":{"self":[{"href":"https:\/\/vinasfm.com\/noticias\/wp-json\/wp\/v2\/posts\/148991","targetHints":{"allow":["GET"]}}],"collection":[{"href":"https:\/\/vinasfm.com\/noticias\/wp-json\/wp\/v2\/posts"}],"about":[{"href":"https:\/\/vinasfm.com\/noticias\/wp-json\/wp\/v2\/types\/post"}],"author":[{"embeddable":true,"href":"https:\/\/vinasfm.com\/noticias\/wp-json\/wp\/v2\/users\/7"}],"replies":[{"embeddable":true,"href":"https:\/\/vinasfm.com\/noticias\/wp-json\/wp\/v2\/comments?post=148991"}],"version-history":[{"count":1,"href":"https:\/\/vinasfm.com\/noticias\/wp-json\/wp\/v2\/posts\/148991\/revisions"}],"predecessor-version":[{"id":148993,"href":"https:\/\/vinasfm.com\/noticias\/wp-json\/wp\/v2\/posts\/148991\/revisions\/148993"}],"wp:featuredmedia":[{"embeddable":true,"href":"https:\/\/vinasfm.com\/noticias\/wp-json\/wp\/v2\/media\/148992"}],"wp:attachment":[{"href":"https:\/\/vinasfm.com\/noticias\/wp-json\/wp\/v2\/media?parent=148991"}],"wp:term":[{"taxonomy":"category","embeddable":true,"href":"https:\/\/vinasfm.com\/noticias\/wp-json\/wp\/v2\/categories?post=148991"},{"taxonomy":"post_tag","embeddable":true,"href":"https:\/\/vinasfm.com\/noticias\/wp-json\/wp\/v2\/tags?post=148991"}],"curies":[{"name":"wp","href":"https:\/\/api.w.org\/{rel}","templated":true}]}}