{"id":148985,"date":"2025-05-31T10:13:40","date_gmt":"2025-05-31T13:13:40","guid":{"rendered":"https:\/\/vinasfm.com\/noticias\/?p=148985"},"modified":"2025-06-02T08:55:40","modified_gmt":"2025-06-02T11:55:40","slug":"la-policia-rural-incauto-vacunos-y-un-camion-en-un-operativo-de-control-en-general-alvear","status":"publish","type":"post","link":"https:\/\/vinasfm.com\/noticias\/la-policia-rural-incauto-vacunos-y-un-camion-en-un-operativo-de-control-en-general-alvear\/","title":{"rendered":"LA POLIC\u00cdA RURAL INCAUT\u00d3 VACUNOS Y UN CAMI\u00d3N EN UN OPERATIVO DE CONTROL EN GENERAL ALVEAR"},"content":{"rendered":"<h4>Una maniobra preventiva permiti\u00f3 detectar irregularidades en el traslado de animales en el Sur provincial.<\/h4>\n<p>En un operativo de control realizado por la Polic\u00eda Rural Zona Sur, se procedi\u00f3 al secuestro de un cami\u00f3n y ocho vacunos que eran transportados de forma presuntamente irregular. <strong>La intervenci\u00f3n tuvo lugar sobre calle 7, a 100 metros de Ruta Nacional 188, en el departamento de General Alvear.<\/strong><\/p>\n<p>Durante el procedimiento, <strong>efectivos policiales detuvieron la marcha de un cami\u00f3n marca Mercedes Benz que transportaba ocho animales bovinos: una vaquillona de pelaje negro tapado y siete terneros del mismo pelaje, todos orejanos, con se\u00f1al y marca a fuego<\/strong>. Aunque el conductor present\u00f3 documentaci\u00f3n que, en principio, respaldaba el traslado, ante ciertas inconsistencias, se dio intervenci\u00f3n a la Oficina Fiscal.<\/p>\n<p>La fiscal de turno orden\u00f3 el secuestro inmediato de los ocho animales y del veh\u00edculo, adem\u00e1s de la identificaci\u00f3n de los ocupantes del rodado. La causa qued\u00f3 encuadrada como presunta infracci\u00f3n al art\u00edculo 206 del C\u00f3digo Penal, en el marco de la Ley 11179.<\/p>\n","protected":false},"excerpt":{"rendered":"<p>Una maniobra preventiva permiti\u00f3 detectar irregularidades en el traslado de animales en el Sur provincial. En un operativo de control realizado &#8230;<\/p>\n","protected":false},"author":7,"featured_media":148986,"comment_status":"open","ping_status":"open","sticky":false,"template":"","format":"standard","meta":{"footnotes":""},"categories":[5,4],"tags":[],"class_list":["post-148985","post","type-post","status-publish","format-standard","has-post-thumbnail","hentry","category-actualidad","category-policiales"],"_links":{"self":[{"href":"https:\/\/vinasfm.com\/noticias\/wp-json\/wp\/v2\/posts\/148985","targetHints":{"allow":["GET"]}}],"collection":[{"href":"https:\/\/vinasfm.com\/noticias\/wp-json\/wp\/v2\/posts"}],"about":[{"href":"https:\/\/vinasfm.com\/noticias\/wp-json\/wp\/v2\/types\/post"}],"author":[{"embeddable":true,"href":"https:\/\/vinasfm.com\/noticias\/wp-json\/wp\/v2\/users\/7"}],"replies":[{"embeddable":true,"href":"https:\/\/vinasfm.com\/noticias\/wp-json\/wp\/v2\/comments?post=148985"}],"version-history":[{"count":2,"href":"https:\/\/vinasfm.com\/noticias\/wp-json\/wp\/v2\/posts\/148985\/revisions"}],"predecessor-version":[{"id":148994,"href":"https:\/\/vinasfm.com\/noticias\/wp-json\/wp\/v2\/posts\/148985\/revisions\/148994"}],"wp:featuredmedia":[{"embeddable":true,"href":"https:\/\/vinasfm.com\/noticias\/wp-json\/wp\/v2\/media\/148986"}],"wp:attachment":[{"href":"https:\/\/vinasfm.com\/noticias\/wp-json\/wp\/v2\/media?parent=148985"}],"wp:term":[{"taxonomy":"category","embeddable":true,"href":"https:\/\/vinasfm.com\/noticias\/wp-json\/wp\/v2\/categories?post=148985"},{"taxonomy":"post_tag","embeddable":true,"href":"https:\/\/vinasfm.com\/noticias\/wp-json\/wp\/v2\/tags?post=148985"}],"curies":[{"name":"wp","href":"https:\/\/api.w.org\/{rel}","templated":true}]}}