{"id":148980,"date":"2025-05-30T11:58:55","date_gmt":"2025-05-30T14:58:55","guid":{"rendered":"https:\/\/vinasfm.com\/noticias\/?p=148980"},"modified":"2025-06-02T08:36:34","modified_gmt":"2025-06-02T11:36:34","slug":"en-detalle-asi-sera-el-servicio-militar-voluntario-en-argentina","status":"publish","type":"post","link":"https:\/\/vinasfm.com\/noticias\/en-detalle-asi-sera-el-servicio-militar-voluntario-en-argentina\/","title":{"rendered":"EN DETALLE: AS\u00cd SER\u00c1 EL SERVICIO MILITAR VOLUNTARIO EN ARGENTINA"},"content":{"rendered":"<h4><strong><span style=\"color: #003300;\">La presentaci\u00f3n del Servicio Militar Voluntario que present\u00f3 el vocero presidencial, Manuel Adorni, fue recibido con expectativa e interrogantes.<\/span><\/strong><\/h4>\n<div class=\"flex flex-col gap-6 news-detail__body\">\n<p>El Gobierno pate\u00f3 el tablero hoy con el anuncio del<strong>\u00a0<\/strong>Servicio Militar Voluntario para personas de 18 a 28 a\u00f1os. El encargado de informar la iniciativa fue el vocero presidencial\u00a0Manuel Adorni, quien en su habitual conferencia de prensa dio a conocer la propuesta del oficialismo.<\/p>\n<\/div>\n<div class=\"flex flex-col gap-6 news-detail__body\">\n<p>En primera instancia, surge un detalle no menor: mantendr\u00e1 diferencias con el sancionado en 1994 tras el dram\u00e1tico caso Carrasco del\u00a0<strong>Servicio Militar<\/strong>\u00a0Obligatorio.<\/p>\n<div class=\"flex flex-col gap-6 news-detail__body\">\n<p>Con el objetivo de <em><strong>\u201cinculcar en los j\u00f3venes argentinos los altos valores que siempre caracterizaron a las fuerzas armadas: esfuerzo, valor\u201d<\/strong><\/em>, su creaci\u00f3n ser\u00e1 coordinada por los ministerios de Defensa y Capital Humano. Adem\u00e1s, seg\u00fan se\u00f1al\u00f3 Adorni, los aspirantes podr\u00e1n formarse en oficios como <strong><em>\u201ccocinas, talleres mec\u00e1nicos, o tareas de vigilancia, que los podr\u00e1n ayudar a desenvolverse en el futuro\u201d.<\/em><\/strong><\/p>\n<\/div>\n<div>\n<div class=\"banner relative flex flex-col items-center justify-center\">\n<div class=\"flex items-center justify-center w-full\">\n<div id=\"entreparrafos(2)\" data-google-query-id=\"CMPE9Yy5y40DFcpU3QIdCxgI6A\">\n<div class=\"flex flex-col gap-6 news-detail__body\">\n<p>En la misma l\u00ednea, el funcionario nacional explic\u00f3:<strong><em>\u00a0\u201cCon el objetivo de fortalecer la respuesta ante emergencia, se incrementaron las semanas de instrucci\u00f3n militar inicial y se ampli\u00f3 la formaci\u00f3n en tareas de emergencia y respuesta ante cat\u00e1strofes como inundaciones o incendios\u201d.<\/em><\/strong><\/p>\n<\/div>\n<div class=\"flex flex-col gap-6 news-detail__body\">\n<h2>Defensa y Capital Humano, claves en el Servicio Militar Obligatorio<\/h2>\n<p>Las figuras de los ministros\u00a0<strong><span style=\"color: #003366;\">Luis Petri<em>\u00a0<\/em><\/span><\/strong><em>(Defensa)<\/em> y<span style=\"color: #003366;\"><strong> Sandra Pettovello<\/strong><\/span> <em>(Capital Humano)<\/em>, ser\u00e1n determinantes para el proceso. Seg\u00fan explicaron fuentes oficiales, los equipos de ambas carteras vienen trabajando y debatiendo con el objetivo de mejorar la iniciativa.<\/p>\n<p class=\"\">En este sentido, Petri inform\u00f3 desde su cuenta de la red social X que \u00ab<strong><em>en el Gobierno del presidente Javier Milei trabajamos en el presente de los j\u00f3venes para mejorar su futuro. Desde el Ministerio de Defensa mejoraremos el Servicio militar voluntario con una instrucci\u00f3n integral moderna y, junto con la ministra Pettovello y a Capital Humano brindaremos todas las posibilidades para la terminalidad educativa de nuestros soldados\u201d.<\/em><\/strong><\/p>\n<h2>El Servicio Militar Voluntario, en detalle<\/h2>\n<p>Para el Gobierno, el objetivo central de la medida ser\u00e1 \u00ab<strong><em>inculcar en los j\u00f3venes argentinos los altos valores que siempre caracterizaron a las fuerzas armadas: el esfuerzo, el valor, la disciplina y el amor a nuestra naci\u00f3n\u00bb<\/em><\/strong>, se\u00f1al\u00f3 Adorni.<\/p>\n<p>En cuanto a las novedades que habr\u00e1 en el proceso, se destaca la ampliaci\u00f3n etaria para los aspirantes que deseen incorporarse al Servicio Militar Voluntario, pasando de un l\u00edmite m\u00e1ximo de 24 a\u00f1os a 28.<\/p>\n<p>Adem\u00e1s, se buscar\u00e1 aplicar un plan educativo y de formaci\u00f3n de oficios para desarrollar la educaci\u00f3n obligatoria de los ingresantes.<\/p>\n<\/div>\n<\/div>\n<\/div>\n<\/div>\n<\/div>\n<\/div>\n","protected":false},"excerpt":{"rendered":"<p>La presentaci\u00f3n del Servicio Militar Voluntario que present\u00f3 el vocero presidencial, Manuel Adorni, fue recibido con expectativa e interrogantes. El Gobierno &#8230;<\/p>\n","protected":false},"author":7,"featured_media":148983,"comment_status":"open","ping_status":"open","sticky":false,"template":"","format":"standard","meta":{"footnotes":""},"categories":[10,77],"tags":[],"class_list":["post-148980","post","type-post","status-publish","format-standard","has-post-thumbnail","hentry","category-destacadas","category-gobierno"],"_links":{"self":[{"href":"https:\/\/vinasfm.com\/noticias\/wp-json\/wp\/v2\/posts\/148980","targetHints":{"allow":["GET"]}}],"collection":[{"href":"https:\/\/vinasfm.com\/noticias\/wp-json\/wp\/v2\/posts"}],"about":[{"href":"https:\/\/vinasfm.com\/noticias\/wp-json\/wp\/v2\/types\/post"}],"author":[{"embeddable":true,"href":"https:\/\/vinasfm.com\/noticias\/wp-json\/wp\/v2\/users\/7"}],"replies":[{"embeddable":true,"href":"https:\/\/vinasfm.com\/noticias\/wp-json\/wp\/v2\/comments?post=148980"}],"version-history":[{"count":1,"href":"https:\/\/vinasfm.com\/noticias\/wp-json\/wp\/v2\/posts\/148980\/revisions"}],"predecessor-version":[{"id":148984,"href":"https:\/\/vinasfm.com\/noticias\/wp-json\/wp\/v2\/posts\/148980\/revisions\/148984"}],"wp:featuredmedia":[{"embeddable":true,"href":"https:\/\/vinasfm.com\/noticias\/wp-json\/wp\/v2\/media\/148983"}],"wp:attachment":[{"href":"https:\/\/vinasfm.com\/noticias\/wp-json\/wp\/v2\/media?parent=148980"}],"wp:term":[{"taxonomy":"category","embeddable":true,"href":"https:\/\/vinasfm.com\/noticias\/wp-json\/wp\/v2\/categories?post=148980"},{"taxonomy":"post_tag","embeddable":true,"href":"https:\/\/vinasfm.com\/noticias\/wp-json\/wp\/v2\/tags?post=148980"}],"curies":[{"name":"wp","href":"https:\/\/api.w.org\/{rel}","templated":true}]}}