{"id":148976,"date":"2025-05-30T11:47:30","date_gmt":"2025-05-30T14:47:30","guid":{"rendered":"https:\/\/vinasfm.com\/noticias\/?p=148976"},"modified":"2025-06-02T08:36:58","modified_gmt":"2025-06-02T11:36:58","slug":"preocupacion-en-bowen-por-brote-de-varicela-y-aumento-de-enfermedades-respiratorias","status":"publish","type":"post","link":"https:\/\/vinasfm.com\/noticias\/preocupacion-en-bowen-por-brote-de-varicela-y-aumento-de-enfermedades-respiratorias\/","title":{"rendered":"PREOCUPACI\u00d3N EN BOWEN POR BROTE DE VARICELA Y AUMENTO DE ENFERMEDADES RESPIRATORIAS"},"content":{"rendered":"<p data-start=\"142\" data-end=\"539\"><strong><span style=\"color: #003300;\">El encargado del \u00c1rea Departamental de Salud, Marcos Domenech, inform\u00f3 con preocupaci\u00f3n que se han registrado 15 casos de varicela en una escuela secundaria de Bowen, en un brote que ha encendido las alertas sanitarias. A esto se suma un aumento del 80% en las consultas por enfermedades respiratorias, lo que ha generado una alta demanda en los centros de salud.<\/span><\/strong><\/p>\n<p data-start=\"541\" data-end=\"983\"><em><strong>\u201cEl brote se localiz\u00f3 en la Escuela T\u00e9cnica Enore de Monte. Todos los casos se registraron en fechas cercanas, lo que activ\u00f3 el protocolo epidemiol\u00f3gico\u201d<\/strong><\/em>, explic\u00f3 Domenech. Si bien aclar\u00f3 que la varicela <em><strong>\u201ces una enfermedad con poca virulencia y bajo riesgo de vida\u201d<\/strong><\/em>, destac\u00f3 que puede presentar complicaciones, por lo que se ha reforzado el llamado a que los pacientes sintom\u00e1ticos permanezcan en sus domicilios para evitar la propagaci\u00f3n.<\/p>\n<p data-start=\"985\" data-end=\"1471\"><span style=\"color: #003366;\"><strong>Domenech<\/strong><\/span> advirti\u00f3 que la varicela <strong><em>\u201ces sumamente contagiosa, incluso antes de que aparezcan los s\u00edntomas visibles, lo que la hace dif\u00edcil de controlar\u201d.<\/em><\/strong> Tambi\u00e9n subray\u00f3 el papel clave de las vacunas, explicando que desde octubre de 2013 forma parte del calendario obligatorio. <em><strong>\u201cNo tenemos casos en la escuela primaria, lo que habla de la efectividad de la vacunaci\u00f3n. A quienes no tienen el esquema completo, les pedimos que se acerquen a los centros de salud para completarlo\u201d<\/strong><\/em>, remarc\u00f3.<\/p>\n<p data-start=\"985\" data-end=\"1471\"><a href=\"https:\/\/vinasfm.com\/noticias\/wp-content\/uploads\/2024\/05\/Guardia-Hospital-Enfermeros-Argentinos-1-700x467-1.jpg\"><img loading=\"lazy\" decoding=\"async\" class=\"aligncenter wp-image-135432\" src=\"https:\/\/vinasfm.com\/noticias\/wp-content\/uploads\/2024\/05\/Guardia-Hospital-Enfermeros-Argentinos-1-700x467-1.jpg\" alt=\"\" width=\"500\" height=\"334\" srcset=\"https:\/\/vinasfm.com\/noticias\/wp-content\/uploads\/2024\/05\/Guardia-Hospital-Enfermeros-Argentinos-1-700x467-1.jpg 700w, https:\/\/vinasfm.com\/noticias\/wp-content\/uploads\/2024\/05\/Guardia-Hospital-Enfermeros-Argentinos-1-700x467-1-300x200.jpg 300w\" sizes=\"auto, (max-width: 500px) 100vw, 500px\" \/><\/a><\/p>\n<p data-start=\"985\" data-end=\"1471\">\n<p data-start=\"1473\" data-end=\"1881\">En paralelo, el sistema sanitario atraviesa una fuerte presi\u00f3n por un aumento exponencial de cuadros respiratorios. <strong><em>\u201cEstamos completamente desbordados. Las consultas casi se duplicaron, especialmente por cuadros gripales, COVID y otras enfermedades estacionales\u201d<\/em><\/strong>, asegur\u00f3 el funcionario, quien tambi\u00e9n explic\u00f3 que el personal de salud se est\u00e1 viendo afectado por los mismos virus, lo que agrava la situaci\u00f3n.<\/p>\n<p data-start=\"1883\" data-end=\"2159\">Domenech insisti\u00f3 en que la comunidad evite asistir a las guardias m\u00e9dicas por cuadros leves como resfr\u00edos o rinitis.<em><strong> \u201cDeben priorizarse los casos con s\u00edntomas respiratorios bajos como tos intensa o falta de aire. Hay que dejar lugar a quienes realmente lo necesitan\u201d,<\/strong><\/em> afirm\u00f3.<\/p>\n<p data-start=\"2161\" data-end=\"2559\">Finalmente, reiter\u00f3 la importancia de la vacunaci\u00f3n: <em><strong>\u201cAunque no previene todas las enfermedades, s\u00ed reduce su gravedad. Las vacunas antigripales est\u00e1n disponibles en todos los centros de salud y en el vacunatorio central. Tambi\u00e9n recordamos las medidas b\u00e1sicas de prevenci\u00f3n como el lavado de manos, el uso de barbijo en personas con s\u00edntomas y el aislamiento voluntario en caso de estar enfermos\u201d.<\/strong><\/em><\/p>\n<p data-start=\"2561\" data-end=\"2783\" data-is-last-node=\"\" data-is-only-node=\"\">Domenech cerr\u00f3 su mensaje apelando a la conciencia comunitaria: <strong><em>\u201cSabemos que no es f\u00e1cil dejar de trabajar, pero si cada uno hace un peque\u00f1o esfuerzo, podemos evitar que esto se convierta en una situaci\u00f3n mucho m\u00e1s grave\u201d.<\/em><\/strong><\/p>\n","protected":false},"excerpt":{"rendered":"<p>El encargado del \u00c1rea Departamental de Salud, Marcos Domenech, inform\u00f3 con preocupaci\u00f3n que se han registrado 15 casos de varicela en &#8230;<\/p>\n","protected":false},"author":7,"featured_media":148977,"comment_status":"open","ping_status":"open","sticky":false,"template":"","format":"standard","meta":{"footnotes":""},"categories":[15,11],"tags":[],"class_list":["post-148976","post","type-post","status-publish","format-standard","has-post-thumbnail","hentry","category-salud","category-sociales"],"_links":{"self":[{"href":"https:\/\/vinasfm.com\/noticias\/wp-json\/wp\/v2\/posts\/148976","targetHints":{"allow":["GET"]}}],"collection":[{"href":"https:\/\/vinasfm.com\/noticias\/wp-json\/wp\/v2\/posts"}],"about":[{"href":"https:\/\/vinasfm.com\/noticias\/wp-json\/wp\/v2\/types\/post"}],"author":[{"embeddable":true,"href":"https:\/\/vinasfm.com\/noticias\/wp-json\/wp\/v2\/users\/7"}],"replies":[{"embeddable":true,"href":"https:\/\/vinasfm.com\/noticias\/wp-json\/wp\/v2\/comments?post=148976"}],"version-history":[{"count":2,"href":"https:\/\/vinasfm.com\/noticias\/wp-json\/wp\/v2\/posts\/148976\/revisions"}],"predecessor-version":[{"id":148999,"href":"https:\/\/vinasfm.com\/noticias\/wp-json\/wp\/v2\/posts\/148976\/revisions\/148999"}],"wp:featuredmedia":[{"embeddable":true,"href":"https:\/\/vinasfm.com\/noticias\/wp-json\/wp\/v2\/media\/148977"}],"wp:attachment":[{"href":"https:\/\/vinasfm.com\/noticias\/wp-json\/wp\/v2\/media?parent=148976"}],"wp:term":[{"taxonomy":"category","embeddable":true,"href":"https:\/\/vinasfm.com\/noticias\/wp-json\/wp\/v2\/categories?post=148976"},{"taxonomy":"post_tag","embeddable":true,"href":"https:\/\/vinasfm.com\/noticias\/wp-json\/wp\/v2\/tags?post=148976"}],"curies":[{"name":"wp","href":"https:\/\/api.w.org\/{rel}","templated":true}]}}