{"id":148971,"date":"2025-05-30T11:16:46","date_gmt":"2025-05-30T14:16:46","guid":{"rendered":"https:\/\/vinasfm.com\/noticias\/?p=148971"},"modified":"2025-06-02T08:37:20","modified_gmt":"2025-06-02T11:37:20","slug":"llega-un-nueva-noche-de-degustacion-de-vinos-a-la-sala-ganar-amigos","status":"publish","type":"post","link":"https:\/\/vinasfm.com\/noticias\/llega-un-nueva-noche-de-degustacion-de-vinos-a-la-sala-ganar-amigos\/","title":{"rendered":"LLEGA UN NUEVA NOCHE DE DEGUSTACI\u00d3N DE VINOS A LA SALA \u00abGANAR AMIGOS\u00bb"},"content":{"rendered":"<h4 data-start=\"132\" data-end=\"433\"><span style=\"color: #003300;\"><strong>El director de Turismo, Gustavo Garc\u00eda, anunci\u00f3 que el pr\u00f3ximo viernes 6 de junio se llevar\u00e1 a cabo un nuevo evento de degustaci\u00f3n en la sala \u00bbGanar Amigo\u00bb, del Multiespacio Cultural Bodega Fara\u00f3n, una propuesta que combina vinos, m\u00fasica y cultura, y que ya se ha convertido en una cita esperada por los vecinos de General Alvear.<\/strong><\/span><\/h4>\n<p data-start=\"435\" data-end=\"681\"><em><strong>\u201cEs un evento que el a\u00f1o pasado tuvo un \u00e9xito importante, la comunidad nos acompa\u00f1\u00f3 much\u00edsimo. Este a\u00f1o volvemos con una tem\u00e1tica diferente y entradas limitadas: solo 220 tarjetas, disponibles a partir del lunes en Informador Turistico\u201d<\/strong><\/em>, detall\u00f3 Garc\u00eda.<\/p>\n<p data-start=\"683\" data-end=\"1087\">La edici\u00f3n 2025 de sala <em>\u00bbGanar Amigos\u00bb<\/em> tendr\u00e1 un enfoque especial en la concientizaci\u00f3n sobre el consumo responsable de alcohol. Por ello, se ofrecer\u00e1n dos tipos de entradas: <strong>una de $10.000 que incluye la degustaci\u00f3n de vinos, y otra de $6.000 destinada al conductor designado, quien no recibir\u00e1 bebidas alcoh\u00f3licas.<\/strong> <strong><em>\u201cQueremos promover el consumo responsable y la seguridad en nuestros eventos\u201d<\/em><\/strong>, explic\u00f3.<\/p>\n<p data-start=\"1089\" data-end=\"1480\">El evento contar\u00e1 con la presencia de reinas vendimiales y la actuaci\u00f3n de un cantante local, prometiendo una noche de celebraci\u00f3n y calidad enogastron\u00f3mica. <strong><em>\u201cNos gusta que la gente disfrute del vino y de la m\u00fasica, pero tambi\u00e9n es una oportunidad para poner en valor a nuestras bodegas, a nuestros empresarios, y que la gente conozca la calidad de nuestros vinos\u201d<\/em><\/strong>, sostuvo el director.<\/p>\n<p data-start=\"1089\" data-end=\"1480\"><img loading=\"lazy\" decoding=\"async\" class=\"aligncenter\" src=\"https:\/\/alvearmendoza.gob.ar\/wp-content\/uploads\/2024\/06\/Bodegas-y-Vinos-General-Alvear--scaled.jpg\" width=\"666\" height=\"444\" \/><\/p>\n<p data-start=\"1482\" data-end=\"1885\">Adem\u00e1s, Garc\u00eda destac\u00f3 el importante movimiento tur\u00edstico que ha vivido Alvear en las \u00faltimas semanas gracias a diversos eventos, tanto deportivos como culturales. <strong><em>\u201cEn estos \u00faltimos d\u00edas, con un evento nacional en marcha, hemos recibido entre 1.050 y 1.100 personas. Esto genera un impacto econ\u00f3mico directo estimado en unos 420 millones de pesos, un derrame que beneficia a toda la comunidad\u201d<\/em><\/strong>, explic\u00f3.<\/p>\n<p data-start=\"1887\" data-end=\"2306\">El director remarc\u00f3 que este beneficio no se limita a hoteles y caba\u00f1as, sino que se distribuye entre una amplia gama de comercios locales: caf\u00e9s, farmacias, tiendas de ropa, rotiser\u00edas, entre otros. <em><strong>\u201cEso es lo que queremos desde Turismo: ver a Alvear con vida, con movimiento, con sus negocios llenos. Son n\u00fameros que posicionan al departamento y que nos motivan a seguir apostando por este tipo de eventos\u201d<\/strong><\/em>, concluy\u00f3.<\/p>\n<p data-start=\"2308\" data-end=\"2479\" data-is-last-node=\"\" data-is-only-node=\"\">Con propuestas que integran cultura, desarrollo econ\u00f3mico y turismo, General Alvear sigue consolid\u00e1ndose como un destino atractivo y din\u00e1mico para residentes y visitantes.<\/p>\n","protected":false},"excerpt":{"rendered":"<p>El director de Turismo, Gustavo Garc\u00eda, anunci\u00f3 que el pr\u00f3ximo viernes 6 de junio se llevar\u00e1 a cabo un nuevo evento &#8230;<\/p>\n","protected":false},"author":7,"featured_media":148973,"comment_status":"open","ping_status":"open","sticky":false,"template":"","format":"standard","meta":{"footnotes":""},"categories":[78,21],"tags":[],"class_list":["post-148971","post","type-post","status-publish","format-standard","has-post-thumbnail","hentry","category-municipalidad","category-turismo-2"],"_links":{"self":[{"href":"https:\/\/vinasfm.com\/noticias\/wp-json\/wp\/v2\/posts\/148971","targetHints":{"allow":["GET"]}}],"collection":[{"href":"https:\/\/vinasfm.com\/noticias\/wp-json\/wp\/v2\/posts"}],"about":[{"href":"https:\/\/vinasfm.com\/noticias\/wp-json\/wp\/v2\/types\/post"}],"author":[{"embeddable":true,"href":"https:\/\/vinasfm.com\/noticias\/wp-json\/wp\/v2\/users\/7"}],"replies":[{"embeddable":true,"href":"https:\/\/vinasfm.com\/noticias\/wp-json\/wp\/v2\/comments?post=148971"}],"version-history":[{"count":2,"href":"https:\/\/vinasfm.com\/noticias\/wp-json\/wp\/v2\/posts\/148971\/revisions"}],"predecessor-version":[{"id":148974,"href":"https:\/\/vinasfm.com\/noticias\/wp-json\/wp\/v2\/posts\/148971\/revisions\/148974"}],"wp:featuredmedia":[{"embeddable":true,"href":"https:\/\/vinasfm.com\/noticias\/wp-json\/wp\/v2\/media\/148973"}],"wp:attachment":[{"href":"https:\/\/vinasfm.com\/noticias\/wp-json\/wp\/v2\/media?parent=148971"}],"wp:term":[{"taxonomy":"category","embeddable":true,"href":"https:\/\/vinasfm.com\/noticias\/wp-json\/wp\/v2\/categories?post=148971"},{"taxonomy":"post_tag","embeddable":true,"href":"https:\/\/vinasfm.com\/noticias\/wp-json\/wp\/v2\/tags?post=148971"}],"curies":[{"name":"wp","href":"https:\/\/api.w.org\/{rel}","templated":true}]}}